{"id":519,"date":"2018-09-06T16:16:48","date_gmt":"2018-09-06T14:16:48","guid":{"rendered":"http:\/\/blog.u-bourgogne.fr\/nuit-des-chercheurs\/?p=519"},"modified":"2021-06-15T17:18:07","modified_gmt":"2021-06-15T15:18:07","slug":"a-dijon-nuit-a-14-ans-deja","status":"publish","type":"post","link":"https:\/\/blog.ube.fr\/nuit-des-chercheurs\/2018\/09\/06\/a-dijon-nuit-a-14-ans-deja\/","title":{"rendered":"A Dijon, la &#8220;Nuit&#8221; a 14 ans (d\u00e9j\u00e0) !"},"content":{"rendered":"<p>La particularit\u00e9 de la Nuit Europ\u00e9enne des chercheurs \u00e0 Dijon ? C&#8217;est une des pionni\u00e8res en France : 14 ans d\u00e9j\u00e0 !<br \/>\nQue disaient les visiteurs de la Nuit en 2008 ? <em>&#8220;C&#8217;est la seule soir\u00e9e scientifique de mon ann\u00e9e&#8221;,<\/em> par exemple.<\/p>\n<p>Les autres r\u00e9ponses sont <a href=\"https:\/\/bit.ly\/2oHONHl\">\u00e0 d\u00e9couvrir ici :\u00a0<\/a><\/p>\n<p><a href=\"https:\/\/www.dailymotion.com\/video\/x9bzod\"><img loading=\"lazy\" decoding=\"async\" class=\"alignnone wp-image-520\" src=\"http:\/\/blog.ube.fr\/nuit-des-chercheurs\/wp-content\/uploads\/sites\/74\/2018\/09\/1-300x223.png\" alt=\"\" width=\"269\" height=\"200\" srcset=\"https:\/\/blog.ube.fr\/nuit-des-chercheurs\/wp-content\/uploads\/sites\/74\/2018\/09\/1-300x223.png 300w, https:\/\/blog.ube.fr\/nuit-des-chercheurs\/wp-content\/uploads\/sites\/74\/2018\/09\/1.png 544w\" sizes=\"auto, (max-width: 269px) 100vw, 269px\" \/>\u00a0\u00a0<img loading=\"lazy\" decoding=\"async\" class=\"alignnone wp-image-521\" src=\"http:\/\/blog.ube.fr\/nuit-des-chercheurs\/wp-content\/uploads\/sites\/74\/2018\/09\/2-300x226.png\" alt=\"\" width=\"264\" height=\"199\" srcset=\"https:\/\/blog.ube.fr\/nuit-des-chercheurs\/wp-content\/uploads\/sites\/74\/2018\/09\/2-300x226.png 300w, https:\/\/blog.ube.fr\/nuit-des-chercheurs\/wp-content\/uploads\/sites\/74\/2018\/09\/2.png 415w\" sizes=\"auto, (max-width: 264px) 100vw, 264px\" \/>\u00a0 <img loading=\"lazy\" decoding=\"async\" class=\"alignnone wp-image-522\" src=\"http:\/\/blog.ube.fr\/nuit-des-chercheurs\/wp-content\/uploads\/sites\/74\/2018\/09\/5-300x211.png\" alt=\"\" width=\"278\" height=\"196\" srcset=\"https:\/\/blog.ube.fr\/nuit-des-chercheurs\/wp-content\/uploads\/sites\/74\/2018\/09\/5-300x211.png 300w, https:\/\/blog.ube.fr\/nuit-des-chercheurs\/wp-content\/uploads\/sites\/74\/2018\/09\/5.png 597w\" sizes=\"auto, (max-width: 278px) 100vw, 278px\" \/><\/a><\/p>\n<p><strong>Et vous, que direz-vous de votre visite \u00e0 la 2018 Nuit Europ\u00e9enne des chercheur.e.s\u00a0 \u00e0 Universit\u00e9 de Bourgogne ?<\/strong><br \/>\n<strong>Rendez-vous vendredi 28 septembre pour \u00e9crire &#8220;votre&#8221; Nuit !<\/strong><\/p>\n<p><img loading=\"lazy\" decoding=\"async\" class=\"wp-image-523 aligncenter\" src=\"http:\/\/blog.ube.fr\/nuit-des-chercheurs\/wp-content\/uploads\/sites\/74\/2018\/09\/6-300x223.png\" alt=\"\" width=\"335\" height=\"249\" srcset=\"https:\/\/blog.ube.fr\/nuit-des-chercheurs\/wp-content\/uploads\/sites\/74\/2018\/09\/6-300x223.png 300w, https:\/\/blog.ube.fr\/nuit-des-chercheurs\/wp-content\/uploads\/sites\/74\/2018\/09\/6.png 578w\" sizes=\"auto, (max-width: 335px) 100vw, 335px\" \/><\/p>\n","protected":false},"excerpt":{"rendered":"<p>La particularit\u00e9 de la Nuit Europ\u00e9enne des chercheurs \u00e0 Dijon ? C&#8217;est une des pionni\u00e8res en France : 14 ans d\u00e9j\u00e0 ! Que disaient les visiteurs de la Nuit en 2008 ? &#8220;C&#8217;est la seule soir\u00e9e scientifique de mon ann\u00e9e&#8221;, par exemple. Les autres r\u00e9ponses sont \u00e0 d\u00e9couvrir ici :\u00a0 \u00a0\u00a0\u00a0 Et vous, que direz-vous&hellip;<\/p>\n<p class=\"more-link-p\"><a class=\"btn btn-primary\" href=\"https:\/\/blog.ube.fr\/nuit-des-chercheurs\/2018\/09\/06\/a-dijon-nuit-a-14-ans-deja\/\">Voir plus &rarr;<\/a><\/p>\n","protected":false},"author":307,"featured_media":0,"comment_status":"closed","ping_status":"closed","sticky":false,"template":"","format":"standard","meta":{"_exactmetrics_skip_tracking":false,"_exactmetrics_sitenote_active":false,"_exactmetrics_sitenote_note":"","_exactmetrics_sitenote_category":0,"footnotes":""},"categories":[22],"tags":[],"class_list":["post-519","post","type-post","status-publish","format-standard","hentry","category-nuit-2018"],"yoast_head":"<!-- This site is optimized with the Yoast SEO plugin v21.6 - https:\/\/yoast.com\/wordpress\/plugins\/seo\/ -->\n<title>A Dijon, la &quot;Nuit&quot; a 14 ans (d\u00e9j\u00e0) ! - Nuit europ\u00e9enne des chercheurs \u00e0 Dijon<\/title>\n<meta name=\"robots\" content=\"index, follow, max-snippet:-1, max-image-preview:large, max-video-preview:-1\" \/>\n<link rel=\"canonical\" href=\"https:\/\/blog.u-bourgogne.fr\/nuit-des-chercheurs\/2018\/09\/06\/a-dijon-nuit-a-14-ans-deja\/\" \/>\n<meta property=\"og:locale\" content=\"fr_FR\" \/>\n<meta property=\"og:type\" content=\"article\" \/>\n<meta property=\"og:title\" content=\"A Dijon, la &quot;Nuit&quot; a 14 ans (d\u00e9j\u00e0) ! - Nuit europ\u00e9enne des chercheurs \u00e0 Dijon\" \/>\n<meta property=\"og:description\" content=\"La particularit\u00e9 de la Nuit Europ\u00e9enne des chercheurs \u00e0 Dijon ? C&#8217;est une des pionni\u00e8res en France : 14 ans d\u00e9j\u00e0 ! Que disaient les visiteurs de la Nuit en 2008 ? &#8220;C&#8217;est la seule soir\u00e9e scientifique de mon ann\u00e9e&#8221;, par exemple. Les autres r\u00e9ponses sont \u00e0 d\u00e9couvrir ici :\u00a0 \u00a0\u00a0\u00a0 Et vous, que direz-vous&hellip;Voir plus &rarr;\" \/>\n<meta property=\"og:url\" content=\"https:\/\/blog.u-bourgogne.fr\/nuit-des-chercheurs\/2018\/09\/06\/a-dijon-nuit-a-14-ans-deja\/\" \/>\n<meta property=\"og:site_name\" content=\"Nuit europ\u00e9enne des chercheurs \u00e0 Dijon\" \/>\n<meta property=\"article:published_time\" content=\"2018-09-06T14:16:48+00:00\" \/>\n<meta property=\"article:modified_time\" content=\"2021-06-15T15:18:07+00:00\" \/>\n<meta property=\"og:image\" content=\"http:\/\/blog.u-bourgogne.fr\/nuit-des-chercheurs\/wp-content\/uploads\/sites\/74\/2018\/09\/1-300x223.png\" \/>\n<meta name=\"author\" content=\"Juliette Brey Xambeu\" \/>\n<meta name=\"twitter:card\" content=\"summary_large_image\" \/>\n<meta name=\"twitter:label1\" content=\"\u00c9crit par\" \/>\n\t<meta name=\"twitter:data1\" content=\"Juliette Brey Xambeu\" \/>\n<script type=\"application\/ld+json\" class=\"yoast-schema-graph\">{\"@context\":\"https:\/\/schema.org\",\"@graph\":[{\"@type\":\"WebPage\",\"@id\":\"https:\/\/blog.u-bourgogne.fr\/nuit-des-chercheurs\/2018\/09\/06\/a-dijon-nuit-a-14-ans-deja\/\",\"url\":\"https:\/\/blog.u-bourgogne.fr\/nuit-des-chercheurs\/2018\/09\/06\/a-dijon-nuit-a-14-ans-deja\/\",\"name\":\"A Dijon, la \\\"Nuit\\\" a 14 ans (d\u00e9j\u00e0) ! - Nuit europ\u00e9enne des chercheurs \u00e0 Dijon\",\"isPartOf\":{\"@id\":\"https:\/\/blog.u-bourgogne.fr\/nuit-des-chercheurs\/#website\"},\"datePublished\":\"2018-09-06T14:16:48+00:00\",\"dateModified\":\"2021-06-15T15:18:07+00:00\",\"author\":{\"@id\":\"https:\/\/blog.u-bourgogne.fr\/nuit-des-chercheurs\/#\/schema\/person\/f032480a3add536ae1778f9ad1cd8491\"},\"breadcrumb\":{\"@id\":\"https:\/\/blog.u-bourgogne.fr\/nuit-des-chercheurs\/2018\/09\/06\/a-dijon-nuit-a-14-ans-deja\/#breadcrumb\"},\"inLanguage\":\"fr-FR\",\"potentialAction\":[{\"@type\":\"ReadAction\",\"target\":[\"https:\/\/blog.u-bourgogne.fr\/nuit-des-chercheurs\/2018\/09\/06\/a-dijon-nuit-a-14-ans-deja\/\"]}]},{\"@type\":\"BreadcrumbList\",\"@id\":\"https:\/\/blog.u-bourgogne.fr\/nuit-des-chercheurs\/2018\/09\/06\/a-dijon-nuit-a-14-ans-deja\/#breadcrumb\",\"itemListElement\":[{\"@type\":\"ListItem\",\"position\":1,\"name\":\"Accueil\",\"item\":\"https:\/\/blog.u-bourgogne.fr\/nuit-des-chercheurs\/\"},{\"@type\":\"ListItem\",\"position\":2,\"name\":\"A Dijon, la \u00ab\u00a0Nuit\u00a0\u00bb a 14 ans (d\u00e9j\u00e0) !\"}]},{\"@type\":\"WebSite\",\"@id\":\"https:\/\/blog.u-bourgogne.fr\/nuit-des-chercheurs\/#website\",\"url\":\"https:\/\/blog.u-bourgogne.fr\/nuit-des-chercheurs\/\",\"name\":\"Nuit europ\u00e9enne des chercheurs \u00e0 Dijon\",\"description\":\"Nuit europ\u00e9enne des chercheurs \u00e0 Dijon\",\"potentialAction\":[{\"@type\":\"SearchAction\",\"target\":{\"@type\":\"EntryPoint\",\"urlTemplate\":\"https:\/\/blog.u-bourgogne.fr\/nuit-des-chercheurs\/?s={search_term_string}\"},\"query-input\":\"required name=search_term_string\"}],\"inLanguage\":\"fr-FR\"},{\"@type\":\"Person\",\"@id\":\"https:\/\/blog.u-bourgogne.fr\/nuit-des-chercheurs\/#\/schema\/person\/f032480a3add536ae1778f9ad1cd8491\",\"name\":\"Juliette Brey Xambeu\",\"url\":\"https:\/\/blog.ube.fr\/nuit-des-chercheurs\/author\/ju6640br\/\"}]}<\/script>\n<!-- \/ Yoast SEO plugin. -->","yoast_head_json":{"title":"A Dijon, la \"Nuit\" a 14 ans (d\u00e9j\u00e0) ! - Nuit europ\u00e9enne des chercheurs \u00e0 Dijon","robots":{"index":"index","follow":"follow","max-snippet":"max-snippet:-1","max-image-preview":"max-image-preview:large","max-video-preview":"max-video-preview:-1"},"canonical":"https:\/\/blog.u-bourgogne.fr\/nuit-des-chercheurs\/2018\/09\/06\/a-dijon-nuit-a-14-ans-deja\/","og_locale":"fr_FR","og_type":"article","og_title":"A Dijon, la \"Nuit\" a 14 ans (d\u00e9j\u00e0) ! - Nuit europ\u00e9enne des chercheurs \u00e0 Dijon","og_description":"La particularit\u00e9 de la Nuit Europ\u00e9enne des chercheurs \u00e0 Dijon ? C&#8217;est une des pionni\u00e8res en France : 14 ans d\u00e9j\u00e0 ! Que disaient les visiteurs de la Nuit en 2008 ? &#8220;C&#8217;est la seule soir\u00e9e scientifique de mon ann\u00e9e&#8221;, par exemple. Les autres r\u00e9ponses sont \u00e0 d\u00e9couvrir ici :\u00a0 \u00a0\u00a0\u00a0 Et vous, que direz-vous&hellip;Voir plus &rarr;","og_url":"https:\/\/blog.u-bourgogne.fr\/nuit-des-chercheurs\/2018\/09\/06\/a-dijon-nuit-a-14-ans-deja\/","og_site_name":"Nuit europ\u00e9enne des chercheurs \u00e0 Dijon","article_published_time":"2018-09-06T14:16:48+00:00","article_modified_time":"2021-06-15T15:18:07+00:00","og_image":[{"url":"http:\/\/blog.u-bourgogne.fr\/nuit-des-chercheurs\/wp-content\/uploads\/sites\/74\/2018\/09\/1-300x223.png"}],"author":"Juliette Brey Xambeu","twitter_card":"summary_large_image","twitter_misc":{"\u00c9crit par":"Juliette Brey Xambeu"},"schema":{"@context":"https:\/\/schema.org","@graph":[{"@type":"WebPage","@id":"https:\/\/blog.u-bourgogne.fr\/nuit-des-chercheurs\/2018\/09\/06\/a-dijon-nuit-a-14-ans-deja\/","url":"https:\/\/blog.u-bourgogne.fr\/nuit-des-chercheurs\/2018\/09\/06\/a-dijon-nuit-a-14-ans-deja\/","name":"A Dijon, la \"Nuit\" a 14 ans (d\u00e9j\u00e0) ! - Nuit europ\u00e9enne des chercheurs \u00e0 Dijon","isPartOf":{"@id":"https:\/\/blog.u-bourgogne.fr\/nuit-des-chercheurs\/#website"},"datePublished":"2018-09-06T14:16:48+00:00","dateModified":"2021-06-15T15:18:07+00:00","author":{"@id":"https:\/\/blog.u-bourgogne.fr\/nuit-des-chercheurs\/#\/schema\/person\/f032480a3add536ae1778f9ad1cd8491"},"breadcrumb":{"@id":"https:\/\/blog.u-bourgogne.fr\/nuit-des-chercheurs\/2018\/09\/06\/a-dijon-nuit-a-14-ans-deja\/#breadcrumb"},"inLanguage":"fr-FR","potentialAction":[{"@type":"ReadAction","target":["https:\/\/blog.u-bourgogne.fr\/nuit-des-chercheurs\/2018\/09\/06\/a-dijon-nuit-a-14-ans-deja\/"]}]},{"@type":"BreadcrumbList","@id":"https:\/\/blog.u-bourgogne.fr\/nuit-des-chercheurs\/2018\/09\/06\/a-dijon-nuit-a-14-ans-deja\/#breadcrumb","itemListElement":[{"@type":"ListItem","position":1,"name":"Accueil","item":"https:\/\/blog.u-bourgogne.fr\/nuit-des-chercheurs\/"},{"@type":"ListItem","position":2,"name":"A Dijon, la \u00ab\u00a0Nuit\u00a0\u00bb a 14 ans (d\u00e9j\u00e0) !"}]},{"@type":"WebSite","@id":"https:\/\/blog.u-bourgogne.fr\/nuit-des-chercheurs\/#website","url":"https:\/\/blog.u-bourgogne.fr\/nuit-des-chercheurs\/","name":"Nuit europ\u00e9enne des chercheurs \u00e0 Dijon","description":"Nuit europ\u00e9enne des chercheurs \u00e0 Dijon","potentialAction":[{"@type":"SearchAction","target":{"@type":"EntryPoint","urlTemplate":"https:\/\/blog.u-bourgogne.fr\/nuit-des-chercheurs\/?s={search_term_string}"},"query-input":"required name=search_term_string"}],"inLanguage":"fr-FR"},{"@type":"Person","@id":"https:\/\/blog.u-bourgogne.fr\/nuit-des-chercheurs\/#\/schema\/person\/f032480a3add536ae1778f9ad1cd8491","name":"Juliette Brey Xambeu","url":"https:\/\/blog.ube.fr\/nuit-des-chercheurs\/author\/ju6640br\/"}]}},"_links":{"self":[{"href":"https:\/\/blog.ube.fr\/nuit-des-chercheurs\/wp-json\/wp\/v2\/posts\/519","targetHints":{"allow":["GET"]}}],"collection":[{"href":"https:\/\/blog.ube.fr\/nuit-des-chercheurs\/wp-json\/wp\/v2\/posts"}],"about":[{"href":"https:\/\/blog.ube.fr\/nuit-des-chercheurs\/wp-json\/wp\/v2\/types\/post"}],"author":[{"embeddable":true,"href":"https:\/\/blog.ube.fr\/nuit-des-chercheurs\/wp-json\/wp\/v2\/users\/307"}],"replies":[{"embeddable":true,"href":"https:\/\/blog.ube.fr\/nuit-des-chercheurs\/wp-json\/wp\/v2\/comments?post=519"}],"version-history":[{"count":2,"href":"https:\/\/blog.ube.fr\/nuit-des-chercheurs\/wp-json\/wp\/v2\/posts\/519\/revisions"}],"predecessor-version":[{"id":525,"href":"https:\/\/blog.ube.fr\/nuit-des-chercheurs\/wp-json\/wp\/v2\/posts\/519\/revisions\/525"}],"wp:attachment":[{"href":"https:\/\/blog.ube.fr\/nuit-des-chercheurs\/wp-json\/wp\/v2\/media?parent=519"}],"wp:term":[{"taxonomy":"category","embeddable":true,"href":"https:\/\/blog.ube.fr\/nuit-des-chercheurs\/wp-json\/wp\/v2\/categories?post=519"},{"taxonomy":"post_tag","embeddable":true,"href":"https:\/\/blog.ube.fr\/nuit-des-chercheurs\/wp-json\/wp\/v2\/tags?post=519"}],"curies":[{"name":"wp","href":"https:\/\/api.w.org\/{rel}","templated":true}]}}