{"id":1941,"date":"2023-07-01T16:11:27","date_gmt":"2023-07-01T14:11:27","guid":{"rendered":"https:\/\/blog.u-bourgogne.fr\/nuit-des-chercheurs\/?p=1941"},"modified":"2023-07-18T16:12:21","modified_gmt":"2023-07-18T14:12:21","slug":"petite-visite-commentee-de-la-nuit-des-chercheur-e-s-a-dijon","status":"publish","type":"post","link":"https:\/\/blog.ube.fr\/nuit-des-chercheurs\/2023\/07\/01\/petite-visite-commentee-de-la-nuit-des-chercheur-e-s-a-dijon\/","title":{"rendered":"Petite visite comment\u00e9e de la Nuit des chercheur.e.s \u00e0 Dijon !"},"content":{"rendered":"<h3><span class=\"yt-core-attributed-string yt-core-attributed-string--white-space-pre-wrap\"><span class=\"yt-core-attributed-string--link-inherit-color\">Plongez dans l&#8217;atmosph\u00e8re bouillonnante de la Nuit europ\u00e9enne des chercheur.e.s \u00e0 Dijon en compagnie de l&#8217;\u00e9quipe du magazine <a href=\"https:\/\/www.sparse.fr\/\">SPARSE<\/a>, le &#8220;Magazine mieux&#8221; de Bourgogne Franche Comt\u00e9 !<\/span><\/span><\/h3>\n<p><iframe loading=\"lazy\" title=\"Sparse visite la Nuit europ\u00e9enne des chercheur.e.s \u00e0 Dijon\" width=\"200\" height=\"113\" src=\"https:\/\/www.youtube.com\/embed\/hlotoTN9I80?feature=oembed\" frameborder=\"0\" allow=\"accelerometer; autoplay; clipboard-write; encrypted-media; gyroscope; picture-in-picture; web-share\" referrerpolicy=\"strict-origin-when-cross-origin\" allowfullscreen><\/iframe><\/p>\n","protected":false},"excerpt":{"rendered":"<p>Plongez dans l&#8217;atmosph\u00e8re bouillonnante de la Nuit europ\u00e9enne des chercheur.e.s \u00e0 Dijon en compagnie de l&#8217;\u00e9quipe du magazine SPARSE, le &#8220;Magazine mieux&#8221; de Bourgogne Franche Comt\u00e9 !<\/p>\n<p class=\"more-link-p\"><a class=\"btn btn-primary\" href=\"https:\/\/blog.ube.fr\/nuit-des-chercheurs\/2023\/07\/01\/petite-visite-commentee-de-la-nuit-des-chercheur-e-s-a-dijon\/\">Voir plus &rarr;<\/a><\/p>\n","protected":false},"author":3258,"featured_media":0,"comment_status":"closed","ping_status":"closed","sticky":false,"template":"","format":"standard","meta":{"_exactmetrics_skip_tracking":false,"_exactmetrics_sitenote_active":false,"_exactmetrics_sitenote_note":"","_exactmetrics_sitenote_category":0,"footnotes":""},"categories":[43,37,6],"tags":[],"class_list":["post-1941","post","type-post","status-publish","format-standard","hentry","category-43","category-nuit-2022","category-photos-videos"],"yoast_head":"<!-- This site is optimized with the Yoast SEO plugin v21.6 - https:\/\/yoast.com\/wordpress\/plugins\/seo\/ -->\n<title>Petite visite comment\u00e9e de la Nuit des chercheur.e.s \u00e0 Dijon ! - Nuit europ\u00e9enne des chercheurs \u00e0 Dijon<\/title>\n<meta name=\"robots\" content=\"index, follow, max-snippet:-1, max-image-preview:large, max-video-preview:-1\" \/>\n<link rel=\"canonical\" href=\"https:\/\/blog.u-bourgogne.fr\/nuit-des-chercheurs\/2023\/07\/01\/petite-visite-commentee-de-la-nuit-des-chercheur-e-s-a-dijon\/\" \/>\n<meta property=\"og:locale\" content=\"fr_FR\" \/>\n<meta property=\"og:type\" content=\"article\" \/>\n<meta property=\"og:title\" content=\"Petite visite comment\u00e9e de la Nuit des chercheur.e.s \u00e0 Dijon ! - Nuit europ\u00e9enne des chercheurs \u00e0 Dijon\" \/>\n<meta property=\"og:description\" content=\"Plongez dans l&#8217;atmosph\u00e8re bouillonnante de la Nuit europ\u00e9enne des chercheur.e.s \u00e0 Dijon en compagnie de l&#8217;\u00e9quipe du magazine SPARSE, le &#8220;Magazine mieux&#8221; de Bourgogne Franche Comt\u00e9 !Voir plus &rarr;\" \/>\n<meta property=\"og:url\" content=\"https:\/\/blog.u-bourgogne.fr\/nuit-des-chercheurs\/2023\/07\/01\/petite-visite-commentee-de-la-nuit-des-chercheur-e-s-a-dijon\/\" \/>\n<meta property=\"og:site_name\" content=\"Nuit europ\u00e9enne des chercheurs \u00e0 Dijon\" \/>\n<meta property=\"article:published_time\" content=\"2023-07-01T14:11:27+00:00\" \/>\n<meta property=\"article:modified_time\" content=\"2023-07-18T14:12:21+00:00\" \/>\n<meta name=\"author\" content=\"Thibault Roy\" \/>\n<meta name=\"twitter:card\" content=\"summary_large_image\" \/>\n<meta name=\"twitter:label1\" content=\"\u00c9crit par\" \/>\n\t<meta name=\"twitter:data1\" content=\"Thibault Roy\" \/>\n\t<meta name=\"twitter:label2\" content=\"Dur\u00e9e de lecture estim\u00e9e\" \/>\n\t<meta name=\"twitter:data2\" content=\"1 minute\" \/>\n<script type=\"application\/ld+json\" class=\"yoast-schema-graph\">{\"@context\":\"https:\/\/schema.org\",\"@graph\":[{\"@type\":\"WebPage\",\"@id\":\"https:\/\/blog.u-bourgogne.fr\/nuit-des-chercheurs\/2023\/07\/01\/petite-visite-commentee-de-la-nuit-des-chercheur-e-s-a-dijon\/\",\"url\":\"https:\/\/blog.u-bourgogne.fr\/nuit-des-chercheurs\/2023\/07\/01\/petite-visite-commentee-de-la-nuit-des-chercheur-e-s-a-dijon\/\",\"name\":\"Petite visite comment\u00e9e de la Nuit des chercheur.e.s \u00e0 Dijon ! - Nuit europ\u00e9enne des chercheurs \u00e0 Dijon\",\"isPartOf\":{\"@id\":\"https:\/\/blog.u-bourgogne.fr\/nuit-des-chercheurs\/#website\"},\"datePublished\":\"2023-07-01T14:11:27+00:00\",\"dateModified\":\"2023-07-18T14:12:21+00:00\",\"author\":{\"@id\":\"https:\/\/blog.u-bourgogne.fr\/nuit-des-chercheurs\/#\/schema\/person\/3efb1a4724bf2b849f8c2331d919a3d2\"},\"breadcrumb\":{\"@id\":\"https:\/\/blog.u-bourgogne.fr\/nuit-des-chercheurs\/2023\/07\/01\/petite-visite-commentee-de-la-nuit-des-chercheur-e-s-a-dijon\/#breadcrumb\"},\"inLanguage\":\"fr-FR\",\"potentialAction\":[{\"@type\":\"ReadAction\",\"target\":[\"https:\/\/blog.u-bourgogne.fr\/nuit-des-chercheurs\/2023\/07\/01\/petite-visite-commentee-de-la-nuit-des-chercheur-e-s-a-dijon\/\"]}]},{\"@type\":\"BreadcrumbList\",\"@id\":\"https:\/\/blog.u-bourgogne.fr\/nuit-des-chercheurs\/2023\/07\/01\/petite-visite-commentee-de-la-nuit-des-chercheur-e-s-a-dijon\/#breadcrumb\",\"itemListElement\":[{\"@type\":\"ListItem\",\"position\":1,\"name\":\"Accueil\",\"item\":\"https:\/\/blog.u-bourgogne.fr\/nuit-des-chercheurs\/\"},{\"@type\":\"ListItem\",\"position\":2,\"name\":\"Petite visite comment\u00e9e de la Nuit des chercheur.e.s \u00e0 Dijon !\"}]},{\"@type\":\"WebSite\",\"@id\":\"https:\/\/blog.u-bourgogne.fr\/nuit-des-chercheurs\/#website\",\"url\":\"https:\/\/blog.u-bourgogne.fr\/nuit-des-chercheurs\/\",\"name\":\"Nuit europ\u00e9enne des chercheurs \u00e0 Dijon\",\"description\":\"Nuit europ\u00e9enne des chercheurs \u00e0 Dijon\",\"potentialAction\":[{\"@type\":\"SearchAction\",\"target\":{\"@type\":\"EntryPoint\",\"urlTemplate\":\"https:\/\/blog.u-bourgogne.fr\/nuit-des-chercheurs\/?s={search_term_string}\"},\"query-input\":\"required name=search_term_string\"}],\"inLanguage\":\"fr-FR\"},{\"@type\":\"Person\",\"@id\":\"https:\/\/blog.u-bourgogne.fr\/nuit-des-chercheurs\/#\/schema\/person\/3efb1a4724bf2b849f8c2331d919a3d2\",\"name\":\"Thibault Roy\",\"url\":\"https:\/\/blog.ube.fr\/nuit-des-chercheurs\/author\/th1542ro\/\"}]}<\/script>\n<!-- \/ Yoast SEO plugin. -->","yoast_head_json":{"title":"Petite visite comment\u00e9e de la Nuit des chercheur.e.s \u00e0 Dijon ! - Nuit europ\u00e9enne des chercheurs \u00e0 Dijon","robots":{"index":"index","follow":"follow","max-snippet":"max-snippet:-1","max-image-preview":"max-image-preview:large","max-video-preview":"max-video-preview:-1"},"canonical":"https:\/\/blog.u-bourgogne.fr\/nuit-des-chercheurs\/2023\/07\/01\/petite-visite-commentee-de-la-nuit-des-chercheur-e-s-a-dijon\/","og_locale":"fr_FR","og_type":"article","og_title":"Petite visite comment\u00e9e de la Nuit des chercheur.e.s \u00e0 Dijon ! - Nuit europ\u00e9enne des chercheurs \u00e0 Dijon","og_description":"Plongez dans l&#8217;atmosph\u00e8re bouillonnante de la Nuit europ\u00e9enne des chercheur.e.s \u00e0 Dijon en compagnie de l&#8217;\u00e9quipe du magazine SPARSE, le &#8220;Magazine mieux&#8221; de Bourgogne Franche Comt\u00e9 !Voir plus &rarr;","og_url":"https:\/\/blog.u-bourgogne.fr\/nuit-des-chercheurs\/2023\/07\/01\/petite-visite-commentee-de-la-nuit-des-chercheur-e-s-a-dijon\/","og_site_name":"Nuit europ\u00e9enne des chercheurs \u00e0 Dijon","article_published_time":"2023-07-01T14:11:27+00:00","article_modified_time":"2023-07-18T14:12:21+00:00","author":"Thibault Roy","twitter_card":"summary_large_image","twitter_misc":{"\u00c9crit par":"Thibault Roy","Dur\u00e9e de lecture estim\u00e9e":"1 minute"},"schema":{"@context":"https:\/\/schema.org","@graph":[{"@type":"WebPage","@id":"https:\/\/blog.u-bourgogne.fr\/nuit-des-chercheurs\/2023\/07\/01\/petite-visite-commentee-de-la-nuit-des-chercheur-e-s-a-dijon\/","url":"https:\/\/blog.u-bourgogne.fr\/nuit-des-chercheurs\/2023\/07\/01\/petite-visite-commentee-de-la-nuit-des-chercheur-e-s-a-dijon\/","name":"Petite visite comment\u00e9e de la Nuit des chercheur.e.s \u00e0 Dijon ! - Nuit europ\u00e9enne des chercheurs \u00e0 Dijon","isPartOf":{"@id":"https:\/\/blog.u-bourgogne.fr\/nuit-des-chercheurs\/#website"},"datePublished":"2023-07-01T14:11:27+00:00","dateModified":"2023-07-18T14:12:21+00:00","author":{"@id":"https:\/\/blog.u-bourgogne.fr\/nuit-des-chercheurs\/#\/schema\/person\/3efb1a4724bf2b849f8c2331d919a3d2"},"breadcrumb":{"@id":"https:\/\/blog.u-bourgogne.fr\/nuit-des-chercheurs\/2023\/07\/01\/petite-visite-commentee-de-la-nuit-des-chercheur-e-s-a-dijon\/#breadcrumb"},"inLanguage":"fr-FR","potentialAction":[{"@type":"ReadAction","target":["https:\/\/blog.u-bourgogne.fr\/nuit-des-chercheurs\/2023\/07\/01\/petite-visite-commentee-de-la-nuit-des-chercheur-e-s-a-dijon\/"]}]},{"@type":"BreadcrumbList","@id":"https:\/\/blog.u-bourgogne.fr\/nuit-des-chercheurs\/2023\/07\/01\/petite-visite-commentee-de-la-nuit-des-chercheur-e-s-a-dijon\/#breadcrumb","itemListElement":[{"@type":"ListItem","position":1,"name":"Accueil","item":"https:\/\/blog.u-bourgogne.fr\/nuit-des-chercheurs\/"},{"@type":"ListItem","position":2,"name":"Petite visite comment\u00e9e de la Nuit des chercheur.e.s \u00e0 Dijon !"}]},{"@type":"WebSite","@id":"https:\/\/blog.u-bourgogne.fr\/nuit-des-chercheurs\/#website","url":"https:\/\/blog.u-bourgogne.fr\/nuit-des-chercheurs\/","name":"Nuit europ\u00e9enne des chercheurs \u00e0 Dijon","description":"Nuit europ\u00e9enne des chercheurs \u00e0 Dijon","potentialAction":[{"@type":"SearchAction","target":{"@type":"EntryPoint","urlTemplate":"https:\/\/blog.u-bourgogne.fr\/nuit-des-chercheurs\/?s={search_term_string}"},"query-input":"required name=search_term_string"}],"inLanguage":"fr-FR"},{"@type":"Person","@id":"https:\/\/blog.u-bourgogne.fr\/nuit-des-chercheurs\/#\/schema\/person\/3efb1a4724bf2b849f8c2331d919a3d2","name":"Thibault Roy","url":"https:\/\/blog.ube.fr\/nuit-des-chercheurs\/author\/th1542ro\/"}]}},"_links":{"self":[{"href":"https:\/\/blog.ube.fr\/nuit-des-chercheurs\/wp-json\/wp\/v2\/posts\/1941","targetHints":{"allow":["GET"]}}],"collection":[{"href":"https:\/\/blog.ube.fr\/nuit-des-chercheurs\/wp-json\/wp\/v2\/posts"}],"about":[{"href":"https:\/\/blog.ube.fr\/nuit-des-chercheurs\/wp-json\/wp\/v2\/types\/post"}],"author":[{"embeddable":true,"href":"https:\/\/blog.ube.fr\/nuit-des-chercheurs\/wp-json\/wp\/v2\/users\/3258"}],"replies":[{"embeddable":true,"href":"https:\/\/blog.ube.fr\/nuit-des-chercheurs\/wp-json\/wp\/v2\/comments?post=1941"}],"version-history":[{"count":3,"href":"https:\/\/blog.ube.fr\/nuit-des-chercheurs\/wp-json\/wp\/v2\/posts\/1941\/revisions"}],"predecessor-version":[{"id":1945,"href":"https:\/\/blog.ube.fr\/nuit-des-chercheurs\/wp-json\/wp\/v2\/posts\/1941\/revisions\/1945"}],"wp:attachment":[{"href":"https:\/\/blog.ube.fr\/nuit-des-chercheurs\/wp-json\/wp\/v2\/media?parent=1941"}],"wp:term":[{"taxonomy":"category","embeddable":true,"href":"https:\/\/blog.ube.fr\/nuit-des-chercheurs\/wp-json\/wp\/v2\/categories?post=1941"},{"taxonomy":"post_tag","embeddable":true,"href":"https:\/\/blog.ube.fr\/nuit-des-chercheurs\/wp-json\/wp\/v2\/tags?post=1941"}],"curies":[{"name":"wp","href":"https:\/\/api.w.org\/{rel}","templated":true}]}}