{"id":1789,"date":"2022-09-06T17:42:26","date_gmt":"2022-09-06T15:42:26","guid":{"rendered":"https:\/\/blog.u-bourgogne.fr\/nuit-des-chercheurs\/?p=1789"},"modified":"2022-09-27T18:26:56","modified_gmt":"2022-09-27T16:26:56","slug":"programme-de-la-nuit-2022-a-dijon","status":"publish","type":"post","link":"https:\/\/blog.ube.fr\/nuit-des-chercheurs\/2022\/09\/06\/programme-de-la-nuit-2022-a-dijon\/","title":{"rendered":"Programme de la Nuit 2022 \u00e0 Dijon"},"content":{"rendered":"<p><img loading=\"lazy\" decoding=\"async\" class=\"alignnone wp-image-1790 size-full\" src=\"http:\/\/blog.ube.fr\/nuit-des-chercheurs\/wp-content\/uploads\/sites\/74\/2022\/09\/FB-Dijon-600x335-1.jpg\" alt=\"\" width=\"600\" height=\"335\" srcset=\"https:\/\/blog.ube.fr\/nuit-des-chercheurs\/wp-content\/uploads\/sites\/74\/2022\/09\/FB-Dijon-600x335-1.jpg 600w, https:\/\/blog.ube.fr\/nuit-des-chercheurs\/wp-content\/uploads\/sites\/74\/2022\/09\/FB-Dijon-600x335-1-300x168.jpg 300w\" sizes=\"auto, (max-width: 600px) 100vw, 600px\" \/><\/p>\n<p><span style=\"font-size: 24pt; color: #00a0b0;\"><strong><span style=\"font-family: arial, helvetica, sans-serif;\">De 18h \u00e0 23h, halle de tennis et salle Multiplex, campus universitaire de Dijon<\/span><\/strong><\/span><\/p>\n<p><span style=\"font-size: 24pt; color: #00a0b0;\"><strong><span style=\"font-family: arial, helvetica, sans-serif;\">A quoi s&#8217;attendre cette ann\u00e9e ?<\/span><\/strong><\/span><\/p>\n<p><span style=\"font-family: arial, helvetica, sans-serif;\">C\u2019est bien l\u00e0 toute la question\u00a0! Souvent d\u00e9crite comme une terre de rigueur o\u00f9 rien n&#8217;est laiss\u00e9 au hasard, et tout est anticip\u00e9 la Recherche fait quotidiennement face \u00e0 l&#8217;inconnu, \u00e0 la d\u00e9couverte. Et les impr\u00e9vus sont la norme, plut\u00f4t que l&#8217;exception ! Et d\u2019impr\u00e9vu il en sera beaucoup question tout au long de la nuit\u00a0! En \u00e9changeant directement avec des chercheurs et des chercheuses, vous pourrez d\u00e9couvrir le travail quotidien qui m\u00e8ne \u00e0 la connaissance, \u00e0 travers un sinueux chemin rempli d&#8217;impasses et de rebondissements\u00a0! <\/span><\/p>\n<p><span style=\"font-family: arial, helvetica, sans-serif;\">\u00c0 Dijon, plus d\u2019une soixantaine de chercheuses et de chercheurs de l\u2019universit\u00e9 de Bourgogne viendront \u00e0 la rencontre du public dans des espaces sp\u00e9cialement sc\u00e9nographi\u00e9s, propices \u00e0 des dialogues conviviaux et des \u00e9changes simples, singuliers.<\/span><\/p>\n<p><span style=\"font-family: arial, helvetica, sans-serif;\"><strong>Comme en 2021, la Nuit s\u2019installe tout au bout du campus de Dijon, \u00e0 la salle Multiplex et dans la halle de tennis de l\u2019UFR STAPS.<\/strong> Dans ces lieux, plusieurs dispositifs vous attendent\u00a0: une kermesse aux atours r\u00e9tros, des tentes o\u00f9 vous ferez des exp\u00e9riences sensorielles, un jardin des myst\u00e8res, un vi(d)e labo qui vous ram\u00e8nera presque 300 ans en arri\u00e8re, des visites surprises et quelques impr\u00e9vus\u2026<\/span><\/p>\n<p><a href=\"https:\/\/nuitdeschercheurs-france.eu\/?DijoN25_fichierprogramme\/download&amp;file=DijoN25_fichierprogramme_ProgrammeNEDC2022_WEB_20220908083229_20220908083229.pdf_\"><strong><span style=\"font-family: arial, helvetica, sans-serif;\"><span style=\"color: #e93d8b;\">T\u00e9l\u00e9charger le programme complet de la Nuit europ\u00e9enne des chercheurs \u00e0 Dijon<\/span><\/span><\/strong><\/a><\/p>\n<p><!--more--><\/p>\n<h2><span style=\"font-family: arial, helvetica, sans-serif; color: #e93d8b;\"><strong>LES RENDEZ-VOUS<\/strong><\/span><\/h2>\n<h3><span style=\"font-family: arial, helvetica, sans-serif; color: #00a0b0;\"><strong>18h \u2013 22h : Halle de tennis \u2013 UFR STAPS \u2013 Campus de Dijon<\/strong><\/span><\/h3>\n<p>&nbsp;<\/p>\n<h4><span style=\"font-family: arial, helvetica, sans-serif; color: #064885;\"><strong>La Kermesse<\/strong>\u00a0<\/span><\/h4>\n<p><span style=\"font-family: arial, helvetica, sans-serif;\">Sur des stands r\u00e9tros au parfum des kermesses d\u2019autrefois, des chercheurs vous mettent au d\u00e9fi de faire des lancers de pr\u00e9cision, d\u00e9coder des textes anciens, interpr\u00e9ter les r\u00e9sultats \u00e9tonnants de leurs exp\u00e9riences et m\u00eame jouer les cupidons en associant diff\u00e9rents microorganismes\u2026 mais restez toujours en alerte car l\u2019impr\u00e9vu r\u00f4de !<\/span><\/p>\n<p>&nbsp;<\/p>\n<h4><span style=\"font-family: arial, helvetica, sans-serif; color: #064885;\"><strong>Les tentes sensorielles<\/strong>\u00a0<\/span><\/h4>\n<p><span style=\"font-family: arial, helvetica, sans-serif;\">Entrez sous une tente et vivez une exp\u00e9rience sensorielle in\u00e9dite\u2026 Vue, odorat, go\u00fbt, toucher, ou\u00efe : lequel de vos sens sera mis \u00e0 l\u2019\u00e9preuve\u00a0? Seul le hasard le d\u00e9cidera !<\/span><\/p>\n<p>&nbsp;<\/p>\n<h4><span style=\"font-family: arial, helvetica, sans-serif; color: #064885;\"><strong>Le jardin des myst\u00e8res<\/strong><\/span><\/h4>\n<p><span style=\"font-family: arial, helvetica, sans-serif;\">Partez \u00e0 la d\u00e9couverte de ce myst\u00e9rieux jardin o\u00f9 des chercheurs ont sem\u00e9 leurs plus beaux impr\u00e9vus. Moments marquants, r\u00e9sultats improbables, \u00e9v\u00e8nements auxquels ils ne s\u2019attendaient pas, venez partager leurs confidences en toute intimit\u00e9.<\/span><\/p>\n<p><em><span style=\"font-family: arial, helvetica, sans-serif;\">(Inscriptions sur place, dur\u00e9e 30min)<\/span><\/em><\/p>\n<p>&nbsp;<\/p>\n<h4><span style=\"font-family: arial, helvetica, sans-serif; color: #064885;\"><strong>Le vi(d)e labo des 300 ans de l\u2019universit\u00e9<\/strong>\u00a0<\/span><\/h4>\n<p><span style=\"font-family: arial, helvetica, sans-serif;\">Depuis 1722, savants, \u00e9tudiants, chercheurs et techniciens se sont succ\u00e9d\u00e9s pour cr\u00e9er, manipuler, user des<u> outils <\/u>scientifiques. Pour l\u2019anniversaire des \u00ab 300 ans de l\u2019universit\u00e9 de Bourgogne \u00bb, m\u00e9diateurs et chercheurs exposent certaines des plus belles pi\u00e8ces de notre collection. Ils feront parler ce <u>patrimoine scientifique et technique<\/u> inattendu !<\/span><\/p>\n<p>&nbsp;<\/p>\n<h4><span style=\"font-family: arial, helvetica, sans-serif; color: #064885;\"><strong>Dijon en miniature\u00a0<\/strong><\/span><\/h4>\n<p><span style=\"font-family: arial, helvetica, sans-serif;\">Peut-on pr\u00e9voir l\u2019impr\u00e9visible\u00a0? Pour vous aider \u00e0 entrevoir un d\u00e9but de r\u00e9ponse \u00e0 cette question existentielle, les chercheuses et chercheurs du laboratoire Thema vous proposent de faire des simulations de pollution urbaine sur une maquette de la ville de Dijon.<\/span><\/p>\n<p>&nbsp;<\/p>\n<h4><span style=\"font-family: arial, helvetica, sans-serif; color: #064885;\"><strong>Si la recherche m\u2019\u00e9tait cont\u00e9e<\/strong><\/span><\/h4>\n<p><span style=\"font-family: arial, helvetica, sans-serif;\">La conteuse Marine Pouyfaucon entrem\u00eale contes traditionnels et r\u00e9cits de vie de chercheurs pour raconter leur travail de recherche et leur quotidien.<\/span><\/p>\n<p><span style=\"font-family: arial, helvetica, sans-serif;\"><strong>\u00a0<\/strong><\/span><\/p>\n<h4><span style=\"font-family: arial, helvetica, sans-serif; color: #064885;\"><strong>Visites surprises\u00a0<\/strong><\/span><\/h4>\n<p><span style=\"font-family: arial, helvetica, sans-serif;\">D\u00e9couvrez un lieu du campus jamais ouvert au grand public\u00a0! Un lieu o\u00f9 performance rime avec connaissance\u2026 (nombre de places limit\u00e9, inscription sur place)<\/span><\/p>\n<p>&nbsp;<\/p>\n<h4><span style=\"font-family: arial, helvetica, sans-serif; color: #064885;\"><strong>Mini-conf\u00e9rences<\/strong><\/span><\/h4>\n<p><span style=\"font-family: arial, helvetica, sans-serif;\">Pierre Ancet : <strong>\u201cLes impr\u00e9vus associ\u00e9s au handicap, perspectives philosophiques&#8221;<\/strong><\/span><\/p>\n<p><span style=\"font-family: arial, helvetica, sans-serif;\">Sophie Nicklaus : <strong>\u201cLes pr\u00e9f\u00e9rences alimentaires sont-elles pr\u00e9visibles ?&#8221;<\/strong><\/span><\/p>\n<p><span style=\"font-family: arial, helvetica, sans-serif;\">Cl\u00e9ment Guillet : <strong>\u201cStars, m\u00e9dias et contagion suicidaire&#8221;<\/strong><\/span><\/p>\n<p><span style=\"font-family: arial, helvetica, sans-serif;\"><em>En alternance, \u00e0 partir de 18h30, dur\u00e9e 25 minutes<\/em><\/span><\/p>\n<p>&nbsp;<\/p>\n<h5><span style=\"font-family: arial, helvetica, sans-serif; color: #064885;\"><em><strong>Gratuit \u2013 \u00e0 partir de 8 ans \u2013 Petite restauration sur place<\/strong><\/em><\/span><\/h5>\n<p><span style=\"font-family: arial, helvetica, sans-serif;\"><strong>\u00a0<\/strong><\/span><\/p>\n<h2><span style=\"font-family: arial, helvetica, sans-serif; color: #e93d8b;\"><strong>LE PETIT PLUS DE LA SOIR\u00c9E<\/strong><\/span><\/h2>\n<h3><span style=\"font-family: arial, helvetica, sans-serif;\"><strong><span style=\"color: #00a0b0;\">Conf\u00e9rence impr\u00e9vue (45min) &#8211; 22h15 \u2013 23h : Salle multiplex \u2013 Campus de Dijon<\/span><\/strong><\/span><\/h3>\n<h4><span style=\"font-family: arial, helvetica, sans-serif;\"><strong>Angela Sutan<\/strong> et <strong>Ivan Ajdukovic<\/strong>, chercheuse et chercheur en \u00e9conomie exp\u00e9rimentale &#8211; \u00e9paul\u00e9.e.s par <strong>deux com\u00e9diens de la Ligue d&#8217;Improvisation de Saint-Apollinaire<\/strong> &#8211; vous parleront de nos comportements et de la mani\u00e8re dont ceux-ci peuvent, parfois, faire d\u00e9railler l&#8217;\u00e9conomie malgr\u00e9 toutes les anticipations possibles et imaginables&#8230;<\/span><\/h4>\n<p><span style=\"font-family: arial, helvetica, sans-serif;\">Vous pouvez d&#8217;ores et d\u00e9j\u00e0 r\u00e9server votre place pour cette <strong>CONF\u00c9RENCE IMPR\u00c9VUE <\/strong>en cliquant sur ce<strong><a href=\"https:\/\/my.weezevent.com\/conference-imprevue\"> lien<\/a>.<\/strong><\/span><\/p>\n<p>&nbsp;<\/p>\n<p>&nbsp;<\/p>\n","protected":false},"excerpt":{"rendered":"<p>De 18h \u00e0 23h, halle de tennis et salle Multiplex, campus universitaire de Dijon A quoi s&#8217;attendre cette ann\u00e9e ? C\u2019est bien l\u00e0 toute la question\u00a0! Souvent d\u00e9crite comme une terre de rigueur o\u00f9 rien n&#8217;est laiss\u00e9 au hasard, et tout est anticip\u00e9 la Recherche fait quotidiennement face \u00e0 l&#8217;inconnu, \u00e0 la d\u00e9couverte. Et les&hellip;<\/p>\n<p class=\"more-link-p\"><a class=\"btn btn-primary\" href=\"https:\/\/blog.ube.fr\/nuit-des-chercheurs\/2022\/09\/06\/programme-de-la-nuit-2022-a-dijon\/\">Voir plus &rarr;<\/a><\/p>\n","protected":false},"author":3258,"featured_media":0,"comment_status":"closed","ping_status":"closed","sticky":false,"template":"","format":"standard","meta":{"_exactmetrics_skip_tracking":false,"_exactmetrics_sitenote_active":false,"_exactmetrics_sitenote_note":"","_exactmetrics_sitenote_category":0,"footnotes":""},"categories":[1,37],"tags":[41,40,39,42,38],"class_list":["post-1789","post","type-post","status-publish","format-standard","hentry","category-accueil","category-nuit-2022","tag-chercheurs","tag-chercheuse","tag-culture-scientifique","tag-imprevu","tag-nuit-des-chercheurs"],"yoast_head":"<!-- This site is optimized with the Yoast SEO plugin v21.6 - https:\/\/yoast.com\/wordpress\/plugins\/seo\/ -->\n<title>Programme de la Nuit 2022 \u00e0 Dijon - Nuit europ\u00e9enne des chercheurs \u00e0 Dijon<\/title>\n<meta name=\"robots\" content=\"index, follow, max-snippet:-1, max-image-preview:large, max-video-preview:-1\" \/>\n<link rel=\"canonical\" href=\"https:\/\/blog.u-bourgogne.fr\/nuit-des-chercheurs\/2022\/09\/06\/programme-de-la-nuit-2022-a-dijon\/\" \/>\n<meta property=\"og:locale\" content=\"fr_FR\" \/>\n<meta property=\"og:type\" content=\"article\" \/>\n<meta property=\"og:title\" content=\"Programme de la Nuit 2022 \u00e0 Dijon - Nuit europ\u00e9enne des chercheurs \u00e0 Dijon\" \/>\n<meta property=\"og:description\" content=\"De 18h \u00e0 23h, halle de tennis et salle Multiplex, campus universitaire de Dijon A quoi s&#8217;attendre cette ann\u00e9e ? C\u2019est bien l\u00e0 toute la question\u00a0! Souvent d\u00e9crite comme une terre de rigueur o\u00f9 rien n&#8217;est laiss\u00e9 au hasard, et tout est anticip\u00e9 la Recherche fait quotidiennement face \u00e0 l&#8217;inconnu, \u00e0 la d\u00e9couverte. Et les&hellip;Voir plus &rarr;\" \/>\n<meta property=\"og:url\" content=\"https:\/\/blog.u-bourgogne.fr\/nuit-des-chercheurs\/2022\/09\/06\/programme-de-la-nuit-2022-a-dijon\/\" \/>\n<meta property=\"og:site_name\" content=\"Nuit europ\u00e9enne des chercheurs \u00e0 Dijon\" \/>\n<meta property=\"article:published_time\" content=\"2022-09-06T15:42:26+00:00\" \/>\n<meta property=\"article:modified_time\" content=\"2022-09-27T16:26:56+00:00\" \/>\n<meta property=\"og:image\" content=\"http:\/\/blog.u-bourgogne.fr\/nuit-des-chercheurs\/wp-content\/uploads\/sites\/74\/2022\/09\/FB-Dijon-600x335-1.jpg\" \/>\n<meta name=\"author\" content=\"Thibault Roy\" \/>\n<meta name=\"twitter:card\" content=\"summary_large_image\" \/>\n<meta name=\"twitter:label1\" content=\"\u00c9crit par\" \/>\n\t<meta name=\"twitter:data1\" content=\"Thibault Roy\" \/>\n\t<meta name=\"twitter:label2\" content=\"Dur\u00e9e de lecture estim\u00e9e\" \/>\n\t<meta name=\"twitter:data2\" content=\"4 minutes\" \/>\n<script type=\"application\/ld+json\" class=\"yoast-schema-graph\">{\"@context\":\"https:\/\/schema.org\",\"@graph\":[{\"@type\":\"WebPage\",\"@id\":\"https:\/\/blog.u-bourgogne.fr\/nuit-des-chercheurs\/2022\/09\/06\/programme-de-la-nuit-2022-a-dijon\/\",\"url\":\"https:\/\/blog.u-bourgogne.fr\/nuit-des-chercheurs\/2022\/09\/06\/programme-de-la-nuit-2022-a-dijon\/\",\"name\":\"Programme de la Nuit 2022 \u00e0 Dijon - Nuit europ\u00e9enne des chercheurs \u00e0 Dijon\",\"isPartOf\":{\"@id\":\"https:\/\/blog.u-bourgogne.fr\/nuit-des-chercheurs\/#website\"},\"datePublished\":\"2022-09-06T15:42:26+00:00\",\"dateModified\":\"2022-09-27T16:26:56+00:00\",\"author\":{\"@id\":\"https:\/\/blog.u-bourgogne.fr\/nuit-des-chercheurs\/#\/schema\/person\/3efb1a4724bf2b849f8c2331d919a3d2\"},\"breadcrumb\":{\"@id\":\"https:\/\/blog.u-bourgogne.fr\/nuit-des-chercheurs\/2022\/09\/06\/programme-de-la-nuit-2022-a-dijon\/#breadcrumb\"},\"inLanguage\":\"fr-FR\",\"potentialAction\":[{\"@type\":\"ReadAction\",\"target\":[\"https:\/\/blog.u-bourgogne.fr\/nuit-des-chercheurs\/2022\/09\/06\/programme-de-la-nuit-2022-a-dijon\/\"]}]},{\"@type\":\"BreadcrumbList\",\"@id\":\"https:\/\/blog.u-bourgogne.fr\/nuit-des-chercheurs\/2022\/09\/06\/programme-de-la-nuit-2022-a-dijon\/#breadcrumb\",\"itemListElement\":[{\"@type\":\"ListItem\",\"position\":1,\"name\":\"Accueil\",\"item\":\"https:\/\/blog.u-bourgogne.fr\/nuit-des-chercheurs\/\"},{\"@type\":\"ListItem\",\"position\":2,\"name\":\"Programme de la Nuit 2022 \u00e0 Dijon\"}]},{\"@type\":\"WebSite\",\"@id\":\"https:\/\/blog.u-bourgogne.fr\/nuit-des-chercheurs\/#website\",\"url\":\"https:\/\/blog.u-bourgogne.fr\/nuit-des-chercheurs\/\",\"name\":\"Nuit europ\u00e9enne des chercheurs \u00e0 Dijon\",\"description\":\"Nuit europ\u00e9enne des chercheurs \u00e0 Dijon\",\"potentialAction\":[{\"@type\":\"SearchAction\",\"target\":{\"@type\":\"EntryPoint\",\"urlTemplate\":\"https:\/\/blog.u-bourgogne.fr\/nuit-des-chercheurs\/?s={search_term_string}\"},\"query-input\":\"required name=search_term_string\"}],\"inLanguage\":\"fr-FR\"},{\"@type\":\"Person\",\"@id\":\"https:\/\/blog.u-bourgogne.fr\/nuit-des-chercheurs\/#\/schema\/person\/3efb1a4724bf2b849f8c2331d919a3d2\",\"name\":\"Thibault Roy\",\"url\":\"https:\/\/blog.ube.fr\/nuit-des-chercheurs\/author\/th1542ro\/\"}]}<\/script>\n<!-- \/ Yoast SEO plugin. -->","yoast_head_json":{"title":"Programme de la Nuit 2022 \u00e0 Dijon - Nuit europ\u00e9enne des chercheurs \u00e0 Dijon","robots":{"index":"index","follow":"follow","max-snippet":"max-snippet:-1","max-image-preview":"max-image-preview:large","max-video-preview":"max-video-preview:-1"},"canonical":"https:\/\/blog.u-bourgogne.fr\/nuit-des-chercheurs\/2022\/09\/06\/programme-de-la-nuit-2022-a-dijon\/","og_locale":"fr_FR","og_type":"article","og_title":"Programme de la Nuit 2022 \u00e0 Dijon - Nuit europ\u00e9enne des chercheurs \u00e0 Dijon","og_description":"De 18h \u00e0 23h, halle de tennis et salle Multiplex, campus universitaire de Dijon A quoi s&#8217;attendre cette ann\u00e9e ? C\u2019est bien l\u00e0 toute la question\u00a0! Souvent d\u00e9crite comme une terre de rigueur o\u00f9 rien n&#8217;est laiss\u00e9 au hasard, et tout est anticip\u00e9 la Recherche fait quotidiennement face \u00e0 l&#8217;inconnu, \u00e0 la d\u00e9couverte. Et les&hellip;Voir plus &rarr;","og_url":"https:\/\/blog.u-bourgogne.fr\/nuit-des-chercheurs\/2022\/09\/06\/programme-de-la-nuit-2022-a-dijon\/","og_site_name":"Nuit europ\u00e9enne des chercheurs \u00e0 Dijon","article_published_time":"2022-09-06T15:42:26+00:00","article_modified_time":"2022-09-27T16:26:56+00:00","og_image":[{"url":"http:\/\/blog.u-bourgogne.fr\/nuit-des-chercheurs\/wp-content\/uploads\/sites\/74\/2022\/09\/FB-Dijon-600x335-1.jpg"}],"author":"Thibault Roy","twitter_card":"summary_large_image","twitter_misc":{"\u00c9crit par":"Thibault Roy","Dur\u00e9e de lecture estim\u00e9e":"4 minutes"},"schema":{"@context":"https:\/\/schema.org","@graph":[{"@type":"WebPage","@id":"https:\/\/blog.u-bourgogne.fr\/nuit-des-chercheurs\/2022\/09\/06\/programme-de-la-nuit-2022-a-dijon\/","url":"https:\/\/blog.u-bourgogne.fr\/nuit-des-chercheurs\/2022\/09\/06\/programme-de-la-nuit-2022-a-dijon\/","name":"Programme de la Nuit 2022 \u00e0 Dijon - Nuit europ\u00e9enne des chercheurs \u00e0 Dijon","isPartOf":{"@id":"https:\/\/blog.u-bourgogne.fr\/nuit-des-chercheurs\/#website"},"datePublished":"2022-09-06T15:42:26+00:00","dateModified":"2022-09-27T16:26:56+00:00","author":{"@id":"https:\/\/blog.u-bourgogne.fr\/nuit-des-chercheurs\/#\/schema\/person\/3efb1a4724bf2b849f8c2331d919a3d2"},"breadcrumb":{"@id":"https:\/\/blog.u-bourgogne.fr\/nuit-des-chercheurs\/2022\/09\/06\/programme-de-la-nuit-2022-a-dijon\/#breadcrumb"},"inLanguage":"fr-FR","potentialAction":[{"@type":"ReadAction","target":["https:\/\/blog.u-bourgogne.fr\/nuit-des-chercheurs\/2022\/09\/06\/programme-de-la-nuit-2022-a-dijon\/"]}]},{"@type":"BreadcrumbList","@id":"https:\/\/blog.u-bourgogne.fr\/nuit-des-chercheurs\/2022\/09\/06\/programme-de-la-nuit-2022-a-dijon\/#breadcrumb","itemListElement":[{"@type":"ListItem","position":1,"name":"Accueil","item":"https:\/\/blog.u-bourgogne.fr\/nuit-des-chercheurs\/"},{"@type":"ListItem","position":2,"name":"Programme de la Nuit 2022 \u00e0 Dijon"}]},{"@type":"WebSite","@id":"https:\/\/blog.u-bourgogne.fr\/nuit-des-chercheurs\/#website","url":"https:\/\/blog.u-bourgogne.fr\/nuit-des-chercheurs\/","name":"Nuit europ\u00e9enne des chercheurs \u00e0 Dijon","description":"Nuit europ\u00e9enne des chercheurs \u00e0 Dijon","potentialAction":[{"@type":"SearchAction","target":{"@type":"EntryPoint","urlTemplate":"https:\/\/blog.u-bourgogne.fr\/nuit-des-chercheurs\/?s={search_term_string}"},"query-input":"required name=search_term_string"}],"inLanguage":"fr-FR"},{"@type":"Person","@id":"https:\/\/blog.u-bourgogne.fr\/nuit-des-chercheurs\/#\/schema\/person\/3efb1a4724bf2b849f8c2331d919a3d2","name":"Thibault Roy","url":"https:\/\/blog.ube.fr\/nuit-des-chercheurs\/author\/th1542ro\/"}]}},"_links":{"self":[{"href":"https:\/\/blog.ube.fr\/nuit-des-chercheurs\/wp-json\/wp\/v2\/posts\/1789","targetHints":{"allow":["GET"]}}],"collection":[{"href":"https:\/\/blog.ube.fr\/nuit-des-chercheurs\/wp-json\/wp\/v2\/posts"}],"about":[{"href":"https:\/\/blog.ube.fr\/nuit-des-chercheurs\/wp-json\/wp\/v2\/types\/post"}],"author":[{"embeddable":true,"href":"https:\/\/blog.ube.fr\/nuit-des-chercheurs\/wp-json\/wp\/v2\/users\/3258"}],"replies":[{"embeddable":true,"href":"https:\/\/blog.ube.fr\/nuit-des-chercheurs\/wp-json\/wp\/v2\/comments?post=1789"}],"version-history":[{"count":21,"href":"https:\/\/blog.ube.fr\/nuit-des-chercheurs\/wp-json\/wp\/v2\/posts\/1789\/revisions"}],"predecessor-version":[{"id":1844,"href":"https:\/\/blog.ube.fr\/nuit-des-chercheurs\/wp-json\/wp\/v2\/posts\/1789\/revisions\/1844"}],"wp:attachment":[{"href":"https:\/\/blog.ube.fr\/nuit-des-chercheurs\/wp-json\/wp\/v2\/media?parent=1789"}],"wp:term":[{"taxonomy":"category","embeddable":true,"href":"https:\/\/blog.ube.fr\/nuit-des-chercheurs\/wp-json\/wp\/v2\/categories?post=1789"},{"taxonomy":"post_tag","embeddable":true,"href":"https:\/\/blog.ube.fr\/nuit-des-chercheurs\/wp-json\/wp\/v2\/tags?post=1789"}],"curies":[{"name":"wp","href":"https:\/\/api.w.org\/{rel}","templated":true}]}}