{"id":963,"date":"2019-05-07T12:07:33","date_gmt":"2019-05-07T11:07:33","guid":{"rendered":"http:\/\/blog.u-bourgogne.fr\/mastert2m\/?p=963"},"modified":"2019-05-07T12:07:33","modified_gmt":"2019-05-07T11:07:33","slug":"stages-2018-19-dates-a-retenir","status":"publish","type":"post","link":"https:\/\/blog.ube.fr\/mastert2m\/2019\/05\/07\/stages-2018-19-dates-a-retenir\/","title":{"rendered":"Stages 2018-19 : dates \u00e0 retenir"},"content":{"rendered":"<p>Comme chaque ann\u00e9e, deux sessions d\u2019\u00e9valuation seront organis\u00e9es\u00a0:<\/p>\n<ul>\n<li>session de juin\u00a0: remise des travaux pour le 17\/06, soutenances aux alentours du 24-25\/06<\/li>\n<li>session de septembre\u00a0: remise des travaux pour le 26\/08, soutenances d\u00e9but septembre, en amont de la rentr\u00e9e M2 pr\u00e9vue le 10\/09.<\/li>\n<\/ul>\n<p>Le choix de session est conditionn\u00e9 par les dates de votre stage et \u00e0 \u00e9tablir avec votre enseignant-r\u00e9f\u00e9rent. Il n\u2019est pas obligatoire, et en g\u00e9n\u00e9ral pas conseill\u00e9, de d\u00e9poser et soutenir son travail avant la fin de son stage.<\/p>\n<p>Les d\u00e9p\u00f4ts se font sur Plubel\u00a0: <a href=\"https:\/\/moodle-campus.u-bourgogne.fr\/course\/view.php?id=4373\">https:\/\/moodle-campus.u-bourgogne.fr\/course\/view.php?id=4373<\/a><\/p>\n<p>Les consignes de r\u00e9daction sont disponibles sur l\u2019onglet <a href=\"http:\/\/blog.ube.fr\/mastert2m\/documents\">documents<\/a> du blog.<\/p>\n<p>Pour rappel, il faut obligatoirement faire valider votre probl\u00e9matique, un plan et une \u00e9bauche de bibliographie dans les d\u00e9lais qui vous seront communiqu\u00e9s par votre enseignant-r\u00e9f\u00e9rent. Tout travail non valid\u00e9 ou soumis dans les d\u00e9lais impartis ne sera pas corrig\u00e9.<\/p>\n","protected":false},"excerpt":{"rendered":"<p>Comme chaque ann\u00e9e, deux sessions d\u2019\u00e9valuation seront organis\u00e9es\u00a0: session de juin\u00a0: remise des travaux pour le 17\/06, soutenances aux alentours du 24-25\/06 session de septembre\u00a0: remise des travaux pour le 26\/08, soutenances d\u00e9but septembre, en amont de la rentr\u00e9e M2 pr\u00e9vue le 10\/09. Le choix de session est conditionn\u00e9 par les dates de votre stage&hellip;<\/p>\n<p class=\"more-link-p\"><a class=\"btn btn-primary\" href=\"https:\/\/blog.ube.fr\/mastert2m\/2019\/05\/07\/stages-2018-19-dates-a-retenir\/\">Voir plus &rarr;<\/a><\/p>\n","protected":false},"author":23,"featured_media":0,"comment_status":"closed","ping_status":"open","sticky":false,"template":"","format":"standard","meta":{"_exactmetrics_skip_tracking":false,"_exactmetrics_sitenote_active":false,"_exactmetrics_sitenote_note":"","_exactmetrics_sitenote_category":0,"footnotes":""},"categories":[1],"tags":[],"class_list":["post-963","post","type-post","status-publish","format-standard","hentry","category-non-classe"],"_links":{"self":[{"href":"https:\/\/blog.ube.fr\/mastert2m\/wp-json\/wp\/v2\/posts\/963","targetHints":{"allow":["GET"]}}],"collection":[{"href":"https:\/\/blog.ube.fr\/mastert2m\/wp-json\/wp\/v2\/posts"}],"about":[{"href":"https:\/\/blog.ube.fr\/mastert2m\/wp-json\/wp\/v2\/types\/post"}],"author":[{"embeddable":true,"href":"https:\/\/blog.ube.fr\/mastert2m\/wp-json\/wp\/v2\/users\/23"}],"replies":[{"embeddable":true,"href":"https:\/\/blog.ube.fr\/mastert2m\/wp-json\/wp\/v2\/comments?post=963"}],"version-history":[{"count":1,"href":"https:\/\/blog.ube.fr\/mastert2m\/wp-json\/wp\/v2\/posts\/963\/revisions"}],"predecessor-version":[{"id":964,"href":"https:\/\/blog.ube.fr\/mastert2m\/wp-json\/wp\/v2\/posts\/963\/revisions\/964"}],"wp:attachment":[{"href":"https:\/\/blog.ube.fr\/mastert2m\/wp-json\/wp\/v2\/media?parent=963"}],"wp:term":[{"taxonomy":"category","embeddable":true,"href":"https:\/\/blog.ube.fr\/mastert2m\/wp-json\/wp\/v2\/categories?post=963"},{"taxonomy":"post_tag","embeddable":true,"href":"https:\/\/blog.ube.fr\/mastert2m\/wp-json\/wp\/v2\/tags?post=963"}],"curies":[{"name":"wp","href":"https:\/\/api.w.org\/{rel}","templated":true}]}}