{"id":948,"date":"2019-01-28T23:58:35","date_gmt":"2019-01-28T22:58:35","guid":{"rendered":"http:\/\/blog.u-bourgogne.fr\/mastert2m\/?p=948"},"modified":"2019-03-17T17:30:31","modified_gmt":"2019-03-17T16:30:31","slug":"dates-de-candidature-2019","status":"publish","type":"post","link":"https:\/\/blog.ube.fr\/mastert2m\/2019\/01\/28\/dates-de-candidature-2019\/","title":{"rendered":"Dates de candidature 2019"},"content":{"rendered":"<p>Suite aux votes des instances de l&#8217;universit\u00e9, les dates de candidature pour 2019 sont confirm\u00e9es :<\/p>\n<ul>\n<li>Ouverture de la plate-forme <a href=\"https:\/\/ecandidat.u-bourgogne.fr\/ecandidat\/\" target=\"_blank\" rel=\"noopener\">e-candidat<\/a> du 15 avril au 17 mai<\/li>\n<li>Epreuve \u00e9crite vendredi 24 mai<\/li>\n<li>Entretiens trilingues d\u00e9but juin pour les candidats retenus suite \u00e0 l&#8217;\u00e9preuve \u00e9crite.<\/li>\n<\/ul>\n<p>En plus des dipl\u00f4mes et des pi\u00e8ces administratives habituelles, les candidats seront invit\u00e9s \u00e0 d\u00e9poser avec leur dossier e-candidat comportera une lettre de motivation, un CV d\u00e9taill\u00e9, un projet professionnel d\u00e9velopp\u00e9 en 3 pages et le cas \u00e9cheant des \u00e9chantillons de travail.<\/p>\n<p>L&#8217;\u00e9preuve \u00e9crite suivra une forme semblable \u00e0 celles de 2017 et de 2018, disponibles en ligne sous http:\/\/blog.ube.fr\/mastert2m\/actualites\/<\/p>\n<p>Pour toute question relative aux candidatures, n&#8217;h\u00e9sitez pas \u00e0 nous <a href=\"http:\/\/blog.ube.fr\/mastert2m\/contact\/\" target=\"_blank\" rel=\"noopener\">contacter<\/a>.<\/p>\n<p>&nbsp;<\/p>\n","protected":false},"excerpt":{"rendered":"<p>Suite aux votes des instances de l&#8217;universit\u00e9, les dates de candidature pour 2019 sont confirm\u00e9es : Ouverture de la plate-forme e-candidat du 15 avril au 17 mai Epreuve \u00e9crite vendredi 24 mai Entretiens trilingues d\u00e9but juin pour les candidats retenus suite \u00e0 l&#8217;\u00e9preuve \u00e9crite. En plus des dipl\u00f4mes et des pi\u00e8ces administratives habituelles, les candidats&hellip;<\/p>\n<p class=\"more-link-p\"><a class=\"btn btn-primary\" href=\"https:\/\/blog.ube.fr\/mastert2m\/2019\/01\/28\/dates-de-candidature-2019\/\">Voir plus &rarr;<\/a><\/p>\n","protected":false},"author":23,"featured_media":0,"comment_status":"closed","ping_status":"open","sticky":false,"template":"","format":"standard","meta":{"_exactmetrics_skip_tracking":false,"_exactmetrics_sitenote_active":false,"_exactmetrics_sitenote_note":"","_exactmetrics_sitenote_category":0,"footnotes":""},"categories":[1],"tags":[],"class_list":["post-948","post","type-post","status-publish","format-standard","hentry","category-non-classe"],"_links":{"self":[{"href":"https:\/\/blog.ube.fr\/mastert2m\/wp-json\/wp\/v2\/posts\/948","targetHints":{"allow":["GET"]}}],"collection":[{"href":"https:\/\/blog.ube.fr\/mastert2m\/wp-json\/wp\/v2\/posts"}],"about":[{"href":"https:\/\/blog.ube.fr\/mastert2m\/wp-json\/wp\/v2\/types\/post"}],"author":[{"embeddable":true,"href":"https:\/\/blog.ube.fr\/mastert2m\/wp-json\/wp\/v2\/users\/23"}],"replies":[{"embeddable":true,"href":"https:\/\/blog.ube.fr\/mastert2m\/wp-json\/wp\/v2\/comments?post=948"}],"version-history":[{"count":2,"href":"https:\/\/blog.ube.fr\/mastert2m\/wp-json\/wp\/v2\/posts\/948\/revisions"}],"predecessor-version":[{"id":950,"href":"https:\/\/blog.ube.fr\/mastert2m\/wp-json\/wp\/v2\/posts\/948\/revisions\/950"}],"wp:attachment":[{"href":"https:\/\/blog.ube.fr\/mastert2m\/wp-json\/wp\/v2\/media?parent=948"}],"wp:term":[{"taxonomy":"category","embeddable":true,"href":"https:\/\/blog.ube.fr\/mastert2m\/wp-json\/wp\/v2\/categories?post=948"},{"taxonomy":"post_tag","embeddable":true,"href":"https:\/\/blog.ube.fr\/mastert2m\/wp-json\/wp\/v2\/tags?post=948"}],"curies":[{"name":"wp","href":"https:\/\/api.w.org\/{rel}","templated":true}]}}