{"id":709,"date":"2017-09-11T12:57:21","date_gmt":"2017-09-11T11:57:21","guid":{"rendered":"http:\/\/blog.u-bourgogne.fr\/mastert2m\/?p=709"},"modified":"2017-09-11T12:57:21","modified_gmt":"2017-09-11T11:57:21","slug":"journee-mondiale-de-traduction-2017-evenement-vendredi-6-octobre","status":"publish","type":"post","link":"https:\/\/blog.ube.fr\/mastert2m\/2017\/09\/11\/journee-mondiale-de-traduction-2017-evenement-vendredi-6-octobre\/","title":{"rendered":"Journ\u00e9e Mondiale de la Traduction 2017 : Ev\u00e9nement vendredi 6 octobre"},"content":{"rendered":"<p>Suite au succ\u00e8s de l&#8217;\u00e9dition de 2016, l&#8217;\u00e9quipe du Master T2M organise, en collaboration avec la <a href=\"http:\/\/sft.fr\/\" target=\"_blank\" rel=\"noopener noreferrer\">Soci\u00e9t\u00e9 Fran\u00e7aise des Traducteurs<\/a>, un nouvel \u00e9v\u00e9nement pour la <a href=\"http:\/\/www.fit-ift.org\/international-translation-day\/?lang=fr\" target=\"_blank\" rel=\"noopener noreferrer\">Journ\u00e9e Mondiale de la Traduction<\/a>, vendredi 6 octobre \u00e0 la Maison des Sciences de l&#8217;Homme de Dijon. Pour l&#8217;\u00e9dition de 2017, la SFT a souhait\u00e9 mettre en lumi\u00e8re sa d\u00e9l\u00e9gation Champagne-Ardennes Bourgogne Franche-Comt\u00e9 au niveau national, autour du th\u00e8me &#8220;Traduction et diversit\u00e9&#8221; retenu cette ann\u00e9e par la <a href=\"http:\/\/www.fit-ift.org\/\" target=\"_blank\" rel=\"noopener noreferrer\">F\u00e9d\u00e9ration Internationale des Traducteurs<\/a>.<\/p>\n<p>Au programme :<\/p>\n<ul>\n<li>une mati\u00e9e de conf\u00e9rences avec, notamment, Bj\u00f6rn Bratteby (Pr\u00e9sident de la SFT), Fran\u00e7ois Yvon (CNRS\/Universit\u00e9 de Paris Sud) et Jorge Diaz-Cintas (University College London)<\/li>\n<li>un apr\u00e8s-midi d&#8217;ateliers interactifs sur des th\u00e8mes li\u00e9s aux m\u00e9tiers de la traduction<\/li>\n<li>des moments et des espaces conviviaux pour discuter et d\u00e9velopper son r\u00e9seau.<\/li>\n<\/ul>\n<p>L&#8217;inscription est gratuite mais obligatoire : <a href=\"https:\/\/www.eventbrite.co.uk\/e\/journee-mondiale-de-la-traduction-2017-dijon-tickets-37685046990\" target=\"_blank\" rel=\"noopener noreferrer\">https:\/\/www.eventbrite.co.uk\/e\/journee-mondiale-de-la-traduction-2017-dijon-tickets-37685046990<\/a>.<\/p>\n<p>Contact pour la journ\u00e9e : <a href=\"mailto:journeetraductiondijon@gmail.com\">journeetraductiondijon@gmail.com<\/a>.<\/p>\n<p>T\u00e9l\u00e9charger l&#8217;annonce compl\u00e8te : <a href=\"http:\/\/blog.ube.fr\/mastert2m\/wp-content\/uploads\/sites\/12\/2017\/09\/Communiqu\u00e9JMT2017_110917.pdf\">Communiqu\u00e9JMT2017_110917<\/a>.<\/p>\n","protected":false},"excerpt":{"rendered":"<p>Suite au succ\u00e8s de l&#8217;\u00e9dition de 2016, l&#8217;\u00e9quipe du Master T2M organise, en collaboration avec la Soci\u00e9t\u00e9 Fran\u00e7aise des Traducteurs, un nouvel \u00e9v\u00e9nement pour la Journ\u00e9e Mondiale de la Traduction, vendredi 6 octobre \u00e0 la Maison des Sciences de l&#8217;Homme de Dijon. Pour l&#8217;\u00e9dition de 2017, la SFT a souhait\u00e9 mettre en lumi\u00e8re sa d\u00e9l\u00e9gation&hellip;<\/p>\n<p class=\"more-link-p\"><a class=\"btn btn-primary\" href=\"https:\/\/blog.ube.fr\/mastert2m\/2017\/09\/11\/journee-mondiale-de-traduction-2017-evenement-vendredi-6-octobre\/\">Voir plus &rarr;<\/a><\/p>\n","protected":false},"author":23,"featured_media":0,"comment_status":"closed","ping_status":"open","sticky":false,"template":"","format":"standard","meta":{"_exactmetrics_skip_tracking":false,"_exactmetrics_sitenote_active":false,"_exactmetrics_sitenote_note":"","_exactmetrics_sitenote_category":0,"footnotes":""},"categories":[1],"tags":[],"class_list":["post-709","post","type-post","status-publish","format-standard","hentry","category-non-classe"],"_links":{"self":[{"href":"https:\/\/blog.ube.fr\/mastert2m\/wp-json\/wp\/v2\/posts\/709","targetHints":{"allow":["GET"]}}],"collection":[{"href":"https:\/\/blog.ube.fr\/mastert2m\/wp-json\/wp\/v2\/posts"}],"about":[{"href":"https:\/\/blog.ube.fr\/mastert2m\/wp-json\/wp\/v2\/types\/post"}],"author":[{"embeddable":true,"href":"https:\/\/blog.ube.fr\/mastert2m\/wp-json\/wp\/v2\/users\/23"}],"replies":[{"embeddable":true,"href":"https:\/\/blog.ube.fr\/mastert2m\/wp-json\/wp\/v2\/comments?post=709"}],"version-history":[{"count":1,"href":"https:\/\/blog.ube.fr\/mastert2m\/wp-json\/wp\/v2\/posts\/709\/revisions"}],"predecessor-version":[{"id":711,"href":"https:\/\/blog.ube.fr\/mastert2m\/wp-json\/wp\/v2\/posts\/709\/revisions\/711"}],"wp:attachment":[{"href":"https:\/\/blog.ube.fr\/mastert2m\/wp-json\/wp\/v2\/media?parent=709"}],"wp:term":[{"taxonomy":"category","embeddable":true,"href":"https:\/\/blog.ube.fr\/mastert2m\/wp-json\/wp\/v2\/categories?post=709"},{"taxonomy":"post_tag","embeddable":true,"href":"https:\/\/blog.ube.fr\/mastert2m\/wp-json\/wp\/v2\/tags?post=709"}],"curies":[{"name":"wp","href":"https:\/\/api.w.org\/{rel}","templated":true}]}}