{"id":706,"date":"2017-09-04T16:31:30","date_gmt":"2017-09-04T15:31:30","guid":{"rendered":"http:\/\/blog.u-bourgogne.fr\/mastert2m\/?p=706"},"modified":"2017-09-04T16:31:30","modified_gmt":"2017-09-04T15:31:30","slug":"rentree-2017-18-dates-a-retenir","status":"publish","type":"post","link":"https:\/\/blog.ube.fr\/mastert2m\/2017\/09\/04\/rentree-2017-18-dates-a-retenir\/","title":{"rendered":"Rentr\u00e9e 2017-18 : dates \u00e0 retenir"},"content":{"rendered":"<p>Les r\u00e9unions de rentr\u00e9e pour le Master T2M auront lieu aux dates suivantes\u00a0:<\/p>\n<ul>\n<li>M1\u00a0: lundi 18\/09 \u00e0 9H, salle 331<\/li>\n<li>M2 : mardi 19\/09 \u00e0 9H, salle 331<\/li>\n<\/ul>\n<p>La pr\u00e9sence des \u00e9tudiants est indispensable. Attention, les cours commencent la m\u00eame semaine !<\/p>\n<p>En attendant l&#8217;EDT d\u00e9finitif, voici d\u00e9j\u00e0 quelques dates \u00e0 retenir :<\/p>\n<ul>\n<li>18\/09 : 2 soutenances de Master 2, \u00e0 partir de 14H. Les \u00e9tudiants de M1 et de M2 sont les bienvenus.<\/li>\n<li>22\/09, 13-16H\u00a0: AG de la <a href=\"http:\/\/blog.ube.fr\/mastert2m\/junior-agence-t2m\/\">Junior Agence T2M<\/a>, avec \u00e9lection du bureau pour l&#8217;ann\u00e9e et distribution des projets, suivi d&#8217;un pot amical.<\/li>\n<li>06\/10 (toute la journ\u00e9e, MSH Dijon) : \u00e9v\u00e9nement &#8220;Journ\u00e9e mondiale de la traduction&#8221; que nous co-organisons avec la d\u00e9l\u00e9gation r\u00e9gionale de la <a href=\"https:\/\/www.sft.fr\/\" target=\"_blank\" rel=\"noopener noreferrer\">SFT<\/a>. Le format \u00e9volue, mais vous pouvez visionner la vid\u00e9o de l&#8217;\u00e9dition de l&#8217;ann\u00e9e derni\u00e8re <a href=\"http:\/\/blog.ube.fr\/mastert2m\/formation\/partenaires-professionnels\/\">ici<\/a>.<\/li>\n<\/ul>\n","protected":false},"excerpt":{"rendered":"<p>Les r\u00e9unions de rentr\u00e9e pour le Master T2M auront lieu aux dates suivantes\u00a0: M1\u00a0: lundi 18\/09 \u00e0 9H, salle 331 M2 : mardi 19\/09 \u00e0 9H, salle 331 La pr\u00e9sence des \u00e9tudiants est indispensable. Attention, les cours commencent la m\u00eame semaine ! En attendant l&#8217;EDT d\u00e9finitif, voici d\u00e9j\u00e0 quelques dates \u00e0 retenir : 18\/09 :&hellip;<\/p>\n<p class=\"more-link-p\"><a class=\"btn btn-primary\" href=\"https:\/\/blog.ube.fr\/mastert2m\/2017\/09\/04\/rentree-2017-18-dates-a-retenir\/\">Voir plus &rarr;<\/a><\/p>\n","protected":false},"author":23,"featured_media":0,"comment_status":"closed","ping_status":"open","sticky":false,"template":"","format":"standard","meta":{"_exactmetrics_skip_tracking":false,"_exactmetrics_sitenote_active":false,"_exactmetrics_sitenote_note":"","_exactmetrics_sitenote_category":0,"footnotes":""},"categories":[1],"tags":[],"class_list":["post-706","post","type-post","status-publish","format-standard","hentry","category-non-classe"],"_links":{"self":[{"href":"https:\/\/blog.ube.fr\/mastert2m\/wp-json\/wp\/v2\/posts\/706","targetHints":{"allow":["GET"]}}],"collection":[{"href":"https:\/\/blog.ube.fr\/mastert2m\/wp-json\/wp\/v2\/posts"}],"about":[{"href":"https:\/\/blog.ube.fr\/mastert2m\/wp-json\/wp\/v2\/types\/post"}],"author":[{"embeddable":true,"href":"https:\/\/blog.ube.fr\/mastert2m\/wp-json\/wp\/v2\/users\/23"}],"replies":[{"embeddable":true,"href":"https:\/\/blog.ube.fr\/mastert2m\/wp-json\/wp\/v2\/comments?post=706"}],"version-history":[{"count":1,"href":"https:\/\/blog.ube.fr\/mastert2m\/wp-json\/wp\/v2\/posts\/706\/revisions"}],"predecessor-version":[{"id":707,"href":"https:\/\/blog.ube.fr\/mastert2m\/wp-json\/wp\/v2\/posts\/706\/revisions\/707"}],"wp:attachment":[{"href":"https:\/\/blog.ube.fr\/mastert2m\/wp-json\/wp\/v2\/media?parent=706"}],"wp:term":[{"taxonomy":"category","embeddable":true,"href":"https:\/\/blog.ube.fr\/mastert2m\/wp-json\/wp\/v2\/categories?post=706"},{"taxonomy":"post_tag","embeddable":true,"href":"https:\/\/blog.ube.fr\/mastert2m\/wp-json\/wp\/v2\/tags?post=706"}],"curies":[{"name":"wp","href":"https:\/\/api.w.org\/{rel}","templated":true}]}}