{"id":497,"date":"2016-09-01T19:41:11","date_gmt":"2016-09-01T18:41:11","guid":{"rendered":"http:\/\/blog.u-bourgogne.fr\/mastert2m\/?p=497"},"modified":"2016-09-01T19:41:11","modified_gmt":"2016-09-01T18:41:11","slug":"journee-tables-rondes-sft-071016","status":"publish","type":"post","link":"https:\/\/blog.ube.fr\/mastert2m\/2016\/09\/01\/journee-tables-rondes-sft-071016\/","title":{"rendered":"Journ\u00e9e tables rondes SFT"},"content":{"rendered":"<h3>Notez bien le 07\/10\/16 dans vos agendas !<\/h3>\n<p>Dans la foul\u00e9e des \u00e9v\u00e9nements autour de la Journ\u00e9e Mondiale de la Traduction 2016, l\u2019\u00e9quipe du Master co-organise avec la <a href=\"https:\/\/www.sft.fr\/\" target=\"_blank\">Soci\u00e9t\u00e9 Fran\u00e7aise des Traducteurs<\/a> et la participation de l&#8217;<a href=\"http:\/\/til.u-bourgogne.fr\/\" target=\"_blank\">EA4182-TIL<\/a> une journ\u00e9e de tables rondes sur les m\u00e9tiers et le travail du traducteur professionnel, entre formation, recherche et pratique.<\/p>\n<p>L&#8217;\u00e9v\u00e9nement aura lieu <strong>vendredi 7 octobre, de 10h \u00e0 18h<\/strong>, dans la <strong>salle Multiplex<\/strong> sur le campus de Dijon.<\/p>\n<p>La journ\u00e9e fait partie du programme des interventions professionnelles de T2M, et la pr\u00e9sence des \u00e9tudiants de M1 et de M2 est obligatoire. Elle est \u00e9galement ouverte aux professionnels et futurs professionnels, membres et futurs membres de la SFT, enseignants, chercheurs et tout autre public int\u00e9ress\u00e9, dans la limite des places disponibles.<\/p>\n<p>Tous les participants sont invit\u00e9s \u00e0 s&#8217;inscire via le lien suivant : <a href=\"https:\/\/www.eventbrite.fr\/e\/billets-journee-mondiale-de-la-traduction-tables-rondes-26947257974\" target=\"_blank\">https:\/\/www.eventbrite.fr\/e\/billets-journee-mondiale-de-la-traduction-tables-rondes-26947257974<\/a>.<\/p>\n<p>Contact pour l&#8217;\u00e9v\u00e9nement : <a href=\"mailto:journeetraductiondijon@gmail.com\" target=\"_blank\">journeetraductiondijon@gmail.com<\/a>.<\/p>\n<p>Le programme complet sera disponible courant septembre.<\/p>\n<p>Pour plus d&#8217;informations, voir le <a href=\"http:\/\/blog.ube.fr\/mastert2m\/wp-content\/uploads\/sites\/12\/2016\/09\/Journ\u00e9eTraduction_7oct.pdf\" target=\"_blank\" rel=\"\">communiqu\u00e9 de presse. <\/a><\/p>\n","protected":false},"excerpt":{"rendered":"<p>Notez bien le 07\/10\/16 dans vos agendas ! Dans la foul\u00e9e des \u00e9v\u00e9nements autour de la Journ\u00e9e Mondiale de la Traduction 2016, l\u2019\u00e9quipe du Master co-organise avec la Soci\u00e9t\u00e9 Fran\u00e7aise des Traducteurs et la participation de l&#8217;EA4182-TIL une journ\u00e9e de tables rondes sur les m\u00e9tiers et le travail du traducteur professionnel, entre formation, recherche et&hellip;<\/p>\n<p class=\"more-link-p\"><a class=\"btn btn-primary\" href=\"https:\/\/blog.ube.fr\/mastert2m\/2016\/09\/01\/journee-tables-rondes-sft-071016\/\">Voir plus &rarr;<\/a><\/p>\n","protected":false},"author":23,"featured_media":0,"comment_status":"closed","ping_status":"open","sticky":false,"template":"","format":"standard","meta":{"_exactmetrics_skip_tracking":false,"_exactmetrics_sitenote_active":false,"_exactmetrics_sitenote_note":"","_exactmetrics_sitenote_category":0,"footnotes":""},"categories":[1],"tags":[],"class_list":["post-497","post","type-post","status-publish","format-standard","hentry","category-non-classe"],"_links":{"self":[{"href":"https:\/\/blog.ube.fr\/mastert2m\/wp-json\/wp\/v2\/posts\/497","targetHints":{"allow":["GET"]}}],"collection":[{"href":"https:\/\/blog.ube.fr\/mastert2m\/wp-json\/wp\/v2\/posts"}],"about":[{"href":"https:\/\/blog.ube.fr\/mastert2m\/wp-json\/wp\/v2\/types\/post"}],"author":[{"embeddable":true,"href":"https:\/\/blog.ube.fr\/mastert2m\/wp-json\/wp\/v2\/users\/23"}],"replies":[{"embeddable":true,"href":"https:\/\/blog.ube.fr\/mastert2m\/wp-json\/wp\/v2\/comments?post=497"}],"version-history":[{"count":3,"href":"https:\/\/blog.ube.fr\/mastert2m\/wp-json\/wp\/v2\/posts\/497\/revisions"}],"predecessor-version":[{"id":501,"href":"https:\/\/blog.ube.fr\/mastert2m\/wp-json\/wp\/v2\/posts\/497\/revisions\/501"}],"wp:attachment":[{"href":"https:\/\/blog.ube.fr\/mastert2m\/wp-json\/wp\/v2\/media?parent=497"}],"wp:term":[{"taxonomy":"category","embeddable":true,"href":"https:\/\/blog.ube.fr\/mastert2m\/wp-json\/wp\/v2\/categories?post=497"},{"taxonomy":"post_tag","embeddable":true,"href":"https:\/\/blog.ube.fr\/mastert2m\/wp-json\/wp\/v2\/tags?post=497"}],"curies":[{"name":"wp","href":"https:\/\/api.w.org\/{rel}","templated":true}]}}