{"id":394,"date":"2016-02-08T16:32:30","date_gmt":"2016-02-08T15:32:30","guid":{"rendered":"http:\/\/blog.u-bourgogne.fr\/mastert2m\/?p=394"},"modified":"2016-05-07T11:20:18","modified_gmt":"2016-05-07T10:20:18","slug":"candidatures-m1m2-lannee-2016-17","status":"publish","type":"post","link":"https:\/\/blog.ube.fr\/mastert2m\/2016\/02\/08\/candidatures-m1m2-lannee-2016-17\/","title":{"rendered":"Candidatures M1+M2 T2M"},"content":{"rendered":"<h3>Informations sur les modalit\u00e9s de candidature\u00a0:<\/h3>\n<p>Les candidatures se font via la plate-forme e-candidat, lien sur le site de l&#8217;<a href=\"http:\/\/langues-communication.u-bourgogne.fr\/formation\/master\/formation\/13.html\" target=\"_blank\">UFR Langues et Communication<\/a>.Tous les candidats (y compris les \u00e9tudiants de M1 souhaitant postuler au M2) doivent d\u00e9poser un dossier.<\/p>\n<p>Il y a une d\u00e9marche sp\u00e9cifique pour les \u00e9tudiants \u00e9trangers n&#8217;ayant pas valid\u00e9 une ann\u00e9e\u00a0d\u2019un dipl\u00f4me national universitaire fran\u00e7ais (hors IUT)\u00a0: <a href=\"http:\/\/www.u-bourgogne.fr\/-Etudiants-individuels-.html\" target=\"_blank\">voir les d\u00e9tails<\/a>.<\/p>\n<p>L&#8217;\u00e9quipe p\u00e9dagogique souhaite rappeler que l&#8217;entr\u00e9e en Master 2 est s\u00e9lective ; l&#8217;entr\u00e9e en Master 1 est soumise \u00e0 une capacit\u00e9 d&#8217;accueil de 24 \u00e9tudiants. Dans tous les cas, une priorit\u00e9 sera accord\u00e9e aux \u00e9tudiants d\u00e9montrant de bonnes comp\u00e9tences linguistiques et un projet professionnel coh\u00e9rent et motiv\u00e9.<\/p>\n<h3>Les candidatures seront ouvertes\u00a0:<\/h3>\n<ul>\n<li>Master 1 : du 25 avril au 30 juin 2016 (les \u00e9tudiants seront contact\u00e9s au fure et \u00e0 mesure de la r\u00e9ception des dossiers pour v\u00e9rifier le niveau des langues de travail et la coh\u00e9rence des projets professionnels)<\/li>\n<li>Master 2 : du 1er mars au 27 mai 2016 (entretiens trilingues pr\u00e9vus le 31 mai).<\/li>\n<\/ul>\n<h3>Si vous avez des questions sur la formation\u00a0:<\/h3>\n<p>N&#8217;h\u00e9sitez pas \u00e0 parcourir les informations pr\u00e9sentes sur le site et sur nos r\u00e9seaux sociaux, et\/ou \u00e0 nous \u00e9crire via la page <a href=\"http:\/\/blog.ube.fr\/mastert2m\/contact\/\" target=\"_blank\">Contact<\/a>.<\/p>\n","protected":false},"excerpt":{"rendered":"<p>Informations sur les modalit\u00e9s de candidature\u00a0: Les candidatures se font via la plate-forme e-candidat, lien sur le site de l&#8217;UFR Langues et Communication.Tous les candidats (y compris les \u00e9tudiants de M1 souhaitant postuler au M2) doivent d\u00e9poser un dossier. Il y a une d\u00e9marche sp\u00e9cifique pour les \u00e9tudiants \u00e9trangers n&#8217;ayant pas valid\u00e9 une ann\u00e9e\u00a0d\u2019un dipl\u00f4me&hellip;<\/p>\n<p class=\"more-link-p\"><a class=\"btn btn-primary\" href=\"https:\/\/blog.ube.fr\/mastert2m\/2016\/02\/08\/candidatures-m1m2-lannee-2016-17\/\">Voir plus &rarr;<\/a><\/p>\n","protected":false},"author":23,"featured_media":0,"comment_status":"closed","ping_status":"open","sticky":false,"template":"","format":"standard","meta":{"_exactmetrics_skip_tracking":false,"_exactmetrics_sitenote_active":false,"_exactmetrics_sitenote_note":"","_exactmetrics_sitenote_category":0,"footnotes":""},"categories":[1],"tags":[],"class_list":["post-394","post","type-post","status-publish","format-standard","hentry","category-non-classe"],"_links":{"self":[{"href":"https:\/\/blog.ube.fr\/mastert2m\/wp-json\/wp\/v2\/posts\/394","targetHints":{"allow":["GET"]}}],"collection":[{"href":"https:\/\/blog.ube.fr\/mastert2m\/wp-json\/wp\/v2\/posts"}],"about":[{"href":"https:\/\/blog.ube.fr\/mastert2m\/wp-json\/wp\/v2\/types\/post"}],"author":[{"embeddable":true,"href":"https:\/\/blog.ube.fr\/mastert2m\/wp-json\/wp\/v2\/users\/23"}],"replies":[{"embeddable":true,"href":"https:\/\/blog.ube.fr\/mastert2m\/wp-json\/wp\/v2\/comments?post=394"}],"version-history":[{"count":4,"href":"https:\/\/blog.ube.fr\/mastert2m\/wp-json\/wp\/v2\/posts\/394\/revisions"}],"predecessor-version":[{"id":420,"href":"https:\/\/blog.ube.fr\/mastert2m\/wp-json\/wp\/v2\/posts\/394\/revisions\/420"}],"wp:attachment":[{"href":"https:\/\/blog.ube.fr\/mastert2m\/wp-json\/wp\/v2\/media?parent=394"}],"wp:term":[{"taxonomy":"category","embeddable":true,"href":"https:\/\/blog.ube.fr\/mastert2m\/wp-json\/wp\/v2\/categories?post=394"},{"taxonomy":"post_tag","embeddable":true,"href":"https:\/\/blog.ube.fr\/mastert2m\/wp-json\/wp\/v2\/tags?post=394"}],"curies":[{"name":"wp","href":"https:\/\/api.w.org\/{rel}","templated":true}]}}