{"id":1604,"date":"2024-03-11T19:06:58","date_gmt":"2024-03-11T18:06:58","guid":{"rendered":"https:\/\/blog.u-bourgogne.fr\/mastert2m\/?p=1604"},"modified":"2024-03-11T19:06:58","modified_gmt":"2024-03-11T18:06:58","slug":"portraits-detudiant%c2%b7e%c2%b7s-sur-les-reseaux-de-la-junior-agence-t2m","status":"publish","type":"post","link":"https:\/\/blog.ube.fr\/mastert2m\/2024\/03\/11\/portraits-detudiant%c2%b7e%c2%b7s-sur-les-reseaux-de-la-junior-agence-t2m\/","title":{"rendered":"Portraits d&#8217;\u00e9tudiant\u00b7e\u00b7s sur les r\u00e9seaux de la Junior Agence T2M"},"content":{"rendered":"<p>En cette saison de candidatures aux formations de Master, nous rappelons aux candidates et aux candidats que la Junior Agence T2M dispose \u00e9galement d&#8217;un site, d&#8217;une adresse o\u00f9 vous pouvez \u00e9crire et de r\u00e9seaux sociaux que vous pouvez suivre, le but pour nos promotions \u00e9tant de d\u00e9velopper une identit\u00e9 collective autour d&#8217;une association \u00e9tudiante qui a aussi un r\u00f4le de &#8220;proto-entreprise&#8221;, mais aussi de maintenir le contactact avec les anciennes et anciens et de prendre contact avec les futurs membres de la formation, qui viendront animer ces activit\u00e9s \u00e0 l&#8217;avenir.<\/p>\n<p>Cette semaine, notre \u00e9quipe de\u00a0<em>community managers<\/em><a href=\"https:\/\/www.instagram.com\/junior_agence_t2m\/\" target=\"_blank\" rel=\"noopener\">https:\/\/www.instagram.com\/junior_agence_t2m\/<\/a> lance une s\u00e9rie de portraits des membres des promotions M1 et M2 sur son compte instagram : n&#8217;h\u00e9sitez pas \u00e0 les consulter en suivant le lien <a href=\"https:\/\/www.instagram.com\/junior_agence_t2m\/\" target=\"_blank\" rel=\"noopener\">https:\/\/www.instagram.com\/junior_agence_t2m\/<\/a><\/p>\n<p>(L&#8217;association aura peut-\u00eatre \u00e0 changer de nom \u00e0 la rentr\u00e9e 2024 avec l&#8217;ouverture du parcours TA2M &#8211; Traduction et accessibilit\u00e9 multim\u00e9dia, mais ce sera justement une d\u00e9cision pour ses membres, \u00e0 savoir les futur\u00b7e\u00b7s \u00e9tudiant\u00b7e\u00b7s de Master 1 et de Master 2.)<\/p>\n","protected":false},"excerpt":{"rendered":"<p>En cette saison de candidatures aux formations de Master, nous rappelons aux candidates et aux candidats que la Junior Agence T2M dispose \u00e9galement d&#8217;un site, d&#8217;une adresse o\u00f9 vous pouvez \u00e9crire et de r\u00e9seaux sociaux que vous pouvez suivre, le but pour nos promotions \u00e9tant de d\u00e9velopper une identit\u00e9 collective autour d&#8217;une association \u00e9tudiante qui&hellip;<\/p>\n<p class=\"more-link-p\"><a class=\"btn btn-primary\" href=\"https:\/\/blog.ube.fr\/mastert2m\/2024\/03\/11\/portraits-detudiant%c2%b7e%c2%b7s-sur-les-reseaux-de-la-junior-agence-t2m\/\">Voir plus &rarr;<\/a><\/p>\n","protected":false},"author":23,"featured_media":0,"comment_status":"closed","ping_status":"open","sticky":false,"template":"","format":"standard","meta":{"_exactmetrics_skip_tracking":false,"_exactmetrics_sitenote_active":false,"_exactmetrics_sitenote_note":"","_exactmetrics_sitenote_category":0,"footnotes":""},"categories":[1],"tags":[],"class_list":["post-1604","post","type-post","status-publish","format-standard","hentry","category-non-classe"],"_links":{"self":[{"href":"https:\/\/blog.ube.fr\/mastert2m\/wp-json\/wp\/v2\/posts\/1604","targetHints":{"allow":["GET"]}}],"collection":[{"href":"https:\/\/blog.ube.fr\/mastert2m\/wp-json\/wp\/v2\/posts"}],"about":[{"href":"https:\/\/blog.ube.fr\/mastert2m\/wp-json\/wp\/v2\/types\/post"}],"author":[{"embeddable":true,"href":"https:\/\/blog.ube.fr\/mastert2m\/wp-json\/wp\/v2\/users\/23"}],"replies":[{"embeddable":true,"href":"https:\/\/blog.ube.fr\/mastert2m\/wp-json\/wp\/v2\/comments?post=1604"}],"version-history":[{"count":1,"href":"https:\/\/blog.ube.fr\/mastert2m\/wp-json\/wp\/v2\/posts\/1604\/revisions"}],"predecessor-version":[{"id":1605,"href":"https:\/\/blog.ube.fr\/mastert2m\/wp-json\/wp\/v2\/posts\/1604\/revisions\/1605"}],"wp:attachment":[{"href":"https:\/\/blog.ube.fr\/mastert2m\/wp-json\/wp\/v2\/media?parent=1604"}],"wp:term":[{"taxonomy":"category","embeddable":true,"href":"https:\/\/blog.ube.fr\/mastert2m\/wp-json\/wp\/v2\/categories?post=1604"},{"taxonomy":"post_tag","embeddable":true,"href":"https:\/\/blog.ube.fr\/mastert2m\/wp-json\/wp\/v2\/tags?post=1604"}],"curies":[{"name":"wp","href":"https:\/\/api.w.org\/{rel}","templated":true}]}}