{"id":1586,"date":"2024-03-01T06:00:45","date_gmt":"2024-03-01T05:00:45","guid":{"rendered":"https:\/\/blog.u-bourgogne.fr\/mastert2m\/?p=1586"},"modified":"2024-02-28T20:56:34","modified_gmt":"2024-02-28T19:56:34","slug":"presentation-courte-du-parcours-ta2m-sur-fun-radio-bourgogne","status":"publish","type":"post","link":"https:\/\/blog.ube.fr\/mastert2m\/2024\/03\/01\/presentation-courte-du-parcours-ta2m-sur-fun-radio-bourgogne\/","title":{"rendered":"Pr\u00e9sentation courte du parcours TA2M sur Fun Radio Bourgogne"},"content":{"rendered":"<p>Suite \u00e0 leur passage r\u00e9cent sur l&#8217;\u00e9mission <a href=\"https:\/\/blog.ube.fr\/mastert2m\/2024\/02\/21\/interview-sur-laccessibilite-multimedia-et-la-communication-sans-barrieres-sur-lemission-c-le-mag-le-20-02-24\/\">C&#8217;Le Mag sur RCF Bourgogne<\/a>, les responsables de la formation TA2M ont \u00e9galement \u00e9t\u00e9 interview\u00e9s par <a href=\"https:\/\/www.funradio.fr\/evenements\/regions\/ecoutez-fun-radio-bourgogne-ici-7900227381\">Fun Radio Bourgogne<\/a>, sur un format plus court cette fois, concernant l&#8217;ouverture de ce nouveau parcours.<\/p>\n<p>Vous pouvez \u00e9couter l&#8217;\u00e9mission ci-dessous ; nous tenons \u00e0 remercier Marius Schneider et toute l&#8217;\u00e9quipe de Fun Radio pour leur accueil !<\/p>\n<audio class=\"wp-audio-shortcode\" id=\"audio-1586-1\" preload=\"none\" style=\"width: 100%;\" controls=\"controls\"><source type=\"audio\/mpeg\" src=\"https:\/\/blog.ube.fr\/mastert2m\/wp-content\/uploads\/sites\/12\/2024\/02\/FC-29-02-ET-05-03-UB-TA2M.mp3?_=1\" \/><a href=\"https:\/\/blog.ube.fr\/mastert2m\/wp-content\/uploads\/sites\/12\/2024\/02\/FC-29-02-ET-05-03-UB-TA2M.mp3\">https:\/\/blog.ube.fr\/mastert2m\/wp-content\/uploads\/sites\/12\/2024\/02\/FC-29-02-ET-05-03-UB-TA2M.mp3<\/a><\/audio>\n<p>&nbsp;<\/p>\n","protected":false},"excerpt":{"rendered":"<p>Suite \u00e0 leur passage r\u00e9cent sur l&#8217;\u00e9mission C&#8217;Le Mag sur RCF Bourgogne, les responsables de la formation TA2M ont \u00e9galement \u00e9t\u00e9 interview\u00e9s par Fun Radio Bourgogne, sur un format plus court cette fois, concernant l&#8217;ouverture de ce nouveau parcours. Vous pouvez \u00e9couter l&#8217;\u00e9mission ci-dessous ; nous tenons \u00e0 remercier Marius Schneider et toute l&#8217;\u00e9quipe de&hellip;<\/p>\n<p class=\"more-link-p\"><a class=\"btn btn-primary\" href=\"https:\/\/blog.ube.fr\/mastert2m\/2024\/03\/01\/presentation-courte-du-parcours-ta2m-sur-fun-radio-bourgogne\/\">Voir plus &rarr;<\/a><\/p>\n","protected":false},"author":23,"featured_media":0,"comment_status":"closed","ping_status":"open","sticky":false,"template":"","format":"standard","meta":{"_exactmetrics_skip_tracking":false,"_exactmetrics_sitenote_active":false,"_exactmetrics_sitenote_note":"","_exactmetrics_sitenote_category":0,"footnotes":""},"categories":[1],"tags":[],"class_list":["post-1586","post","type-post","status-publish","format-standard","hentry","category-non-classe"],"_links":{"self":[{"href":"https:\/\/blog.ube.fr\/mastert2m\/wp-json\/wp\/v2\/posts\/1586","targetHints":{"allow":["GET"]}}],"collection":[{"href":"https:\/\/blog.ube.fr\/mastert2m\/wp-json\/wp\/v2\/posts"}],"about":[{"href":"https:\/\/blog.ube.fr\/mastert2m\/wp-json\/wp\/v2\/types\/post"}],"author":[{"embeddable":true,"href":"https:\/\/blog.ube.fr\/mastert2m\/wp-json\/wp\/v2\/users\/23"}],"replies":[{"embeddable":true,"href":"https:\/\/blog.ube.fr\/mastert2m\/wp-json\/wp\/v2\/comments?post=1586"}],"version-history":[{"count":1,"href":"https:\/\/blog.ube.fr\/mastert2m\/wp-json\/wp\/v2\/posts\/1586\/revisions"}],"predecessor-version":[{"id":1589,"href":"https:\/\/blog.ube.fr\/mastert2m\/wp-json\/wp\/v2\/posts\/1586\/revisions\/1589"}],"wp:attachment":[{"href":"https:\/\/blog.ube.fr\/mastert2m\/wp-json\/wp\/v2\/media?parent=1586"}],"wp:term":[{"taxonomy":"category","embeddable":true,"href":"https:\/\/blog.ube.fr\/mastert2m\/wp-json\/wp\/v2\/categories?post=1586"},{"taxonomy":"post_tag","embeddable":true,"href":"https:\/\/blog.ube.fr\/mastert2m\/wp-json\/wp\/v2\/tags?post=1586"}],"curies":[{"name":"wp","href":"https:\/\/api.w.org\/{rel}","templated":true}]}}