{"id":1547,"date":"2024-02-13T13:58:02","date_gmt":"2024-02-13T12:58:02","guid":{"rendered":"https:\/\/blog.u-bourgogne.fr\/mastert2m\/?p=1547"},"modified":"2024-03-31T17:08:28","modified_gmt":"2024-03-31T16:08:28","slug":"a-vos-agendas-dates-des-epreuves-dentree-aux-formations-t2mta2m","status":"publish","type":"post","link":"https:\/\/blog.ube.fr\/mastert2m\/2024\/02\/13\/a-vos-agendas-dates-des-epreuves-dentree-aux-formations-t2mta2m\/","title":{"rendered":"A vos agendas ! Dates des \u00e9preuves d&#8217;entr\u00e9e aux formations T2M+TA2M"},"content":{"rendered":"<p>Les candidates et candidats aux formations de Master en France savent en principe d\u00e9j\u00e0 que les dossiers de candidature sont \u00e0 d\u00e9poser sur la plate-forme https:\/\/www.monmaster.gouv.fr\/ <strong>entre le 26 f\u00e9vrier et le 24 mars<\/strong>.\u00a0Nous publierons tr\u00e8s prochainement des pr\u00e9cisions concernant le projet professionnel et les autres documents \u00e0 transmettre avec le dossier et vous conseillons de r\u00e9fl\u00e9chir d\u00e8s maintenant \u00e0 comment situer votre candidature par rapport au r\u00e9f\u00e9rentiel de comp\u00e9tences <a href=\"https:\/\/commission.europa.eu\/news\/updated-version-emt-competence-framework-now-available-2022-10-21_en\">EMT2022<\/a>.<\/p>\n<p>Il est tout \u00e0 fait possible de candidater en m\u00eame temps pour le parcours T2M\u00a0<strong>et\u00a0<\/strong>le parcours TA2M, auquel cas il faudra bien d\u00e9tailler ses motivations pour chaque parcours.<\/p>\n<p>Une fois le dossier de candidature instruit, il restera deux \u00e9tapes :<\/p>\n<ul>\n<li><strong>\u00e9preuve \u00e9crite <\/strong>: les candidates et candidats dont le dossier est jug\u00e9 satisfaisant recevront une convocation \u00e0 une \u00e9preuve \u00e9crite. Celle-ci sera organis\u00e9e \u00e0 distance <strong>samedi 13 avril de 9H00 \u00e0 13H00<\/strong>, avec un temps suppl\u00e9mentaire pour les personnes qui candidatent aux deux parcours et qui devront en cons\u00e9quence effectuer une t\u00e2che en plus. Pour passer l&#8217;\u00e9preuve, il faudra notamment disposer d&#8217;un ordinateur avec une connexion internet fiable, et bien lire les consignes qui seront transmises en amont de l&#8217;\u00e9preuve.<\/li>\n<li><strong>audition<\/strong> : les candidates et candidats dont l&#8217;\u00e9preuve \u00e9crite est jug\u00e9e satisfaisante recevront une convocation \u00e0 une audition qui aura lieu\u00a0<strong>entre le 6 et le 23 mai<\/strong>, en fonction des parcours et des combinaisons de langue. Il vous sera demand\u00e9 de r\u00e9pondre aux questions &#8211; concernant votre projet professionnel, concernant le secteur et \u00e9ventuellement concernant vos r\u00e9ponses \u00e0 l&#8217;\u00e9preuve \u00e9crite &#8211; dans vos diff\u00e9rentes langues de travail : FR + EN + DE, es ou IT pour le parcours T2M ; FR + EN pour le parcours TA2M.<\/li>\n<\/ul>\n<p>Tout au long de la proc\u00e9dure de recrutement, nous publierons des liens, exercices d&#8217;entra\u00eenement et autres conseils sur ce site et sur nos r\u00e9seaux, qu&#8217;il est fortement conseill\u00e9 de suivre attentivement.<\/p>\n<p>Les annales des \u00e9preuves \u00e9crites pour le parcours T2M sont disponibles sous le lien <a href=\"https:\/\/cloud.u-bourgogne.fr\/index.php\/s\/LzcoDgnPBZqx5kG\">https:\/\/cloud.u-bourgogne.fr\/index.php\/s\/LzcoDgnPBZqx5kG<\/a>. Pour le nouveau parcours TA2M, l&#8217;\u00e9preuve de langue C (allemand, espagnol ou italien) sera remplac\u00e9e par une \u00e9preuve sp\u00e9cifique qui fera le sujet d&#8217;un prochain billet.<\/p>\n","protected":false},"excerpt":{"rendered":"<p>Les candidates et candidats aux formations de Master en France savent en principe d\u00e9j\u00e0 que les dossiers de candidature sont \u00e0 d\u00e9poser sur la plate-forme https:\/\/www.monmaster.gouv.fr\/ entre le 26 f\u00e9vrier et le 24 mars.\u00a0Nous publierons tr\u00e8s prochainement des pr\u00e9cisions concernant le projet professionnel et les autres documents \u00e0 transmettre avec le dossier et vous conseillons&hellip;<\/p>\n<p class=\"more-link-p\"><a class=\"btn btn-primary\" href=\"https:\/\/blog.ube.fr\/mastert2m\/2024\/02\/13\/a-vos-agendas-dates-des-epreuves-dentree-aux-formations-t2mta2m\/\">Voir plus &rarr;<\/a><\/p>\n","protected":false},"author":23,"featured_media":0,"comment_status":"closed","ping_status":"open","sticky":false,"template":"","format":"standard","meta":{"_exactmetrics_skip_tracking":false,"_exactmetrics_sitenote_active":false,"_exactmetrics_sitenote_note":"","_exactmetrics_sitenote_category":0,"footnotes":""},"categories":[1],"tags":[],"class_list":["post-1547","post","type-post","status-publish","format-standard","hentry","category-non-classe"],"_links":{"self":[{"href":"https:\/\/blog.ube.fr\/mastert2m\/wp-json\/wp\/v2\/posts\/1547","targetHints":{"allow":["GET"]}}],"collection":[{"href":"https:\/\/blog.ube.fr\/mastert2m\/wp-json\/wp\/v2\/posts"}],"about":[{"href":"https:\/\/blog.ube.fr\/mastert2m\/wp-json\/wp\/v2\/types\/post"}],"author":[{"embeddable":true,"href":"https:\/\/blog.ube.fr\/mastert2m\/wp-json\/wp\/v2\/users\/23"}],"replies":[{"embeddable":true,"href":"https:\/\/blog.ube.fr\/mastert2m\/wp-json\/wp\/v2\/comments?post=1547"}],"version-history":[{"count":4,"href":"https:\/\/blog.ube.fr\/mastert2m\/wp-json\/wp\/v2\/posts\/1547\/revisions"}],"predecessor-version":[{"id":1617,"href":"https:\/\/blog.ube.fr\/mastert2m\/wp-json\/wp\/v2\/posts\/1547\/revisions\/1617"}],"wp:attachment":[{"href":"https:\/\/blog.ube.fr\/mastert2m\/wp-json\/wp\/v2\/media?parent=1547"}],"wp:term":[{"taxonomy":"category","embeddable":true,"href":"https:\/\/blog.ube.fr\/mastert2m\/wp-json\/wp\/v2\/categories?post=1547"},{"taxonomy":"post_tag","embeddable":true,"href":"https:\/\/blog.ube.fr\/mastert2m\/wp-json\/wp\/v2\/tags?post=1547"}],"curies":[{"name":"wp","href":"https:\/\/api.w.org\/{rel}","templated":true}]}}