{"id":1526,"date":"2023-07-21T17:31:24","date_gmt":"2023-07-21T16:31:24","guid":{"rendered":"https:\/\/blog.u-bourgogne.fr\/mastert2m\/?p=1526"},"modified":"2023-07-21T17:31:24","modified_gmt":"2023-07-21T16:31:24","slug":"rentree-2023-reunions-de-rentree-soutenances-et-ag-jat2m","status":"publish","type":"post","link":"https:\/\/blog.ube.fr\/mastert2m\/2023\/07\/21\/rentree-2023-reunions-de-rentree-soutenances-et-ag-jat2m\/","title":{"rendered":"Rentr\u00e9e 2023 : r\u00e9unions de rentr\u00e9e, soutenances et AG JAT2M"},"content":{"rendered":"<p>La pause estivale est sur nous et l&#8217;\u00e9quipe de la formation souhaite des vacances reposantes &#8230; et studieuses &#8230; aux futures promotions de Master 1 et de Master 2 et \u00e0 la promotion de Master 2 sortante.<\/p>\n<p>Les r\u00e9unions de rentr\u00e9e pour l&#8217;ann\u00e9e 2022-23 seront organis\u00e9es aux dates d\u00e9j\u00e0 indiqu\u00e9es aux futures promotions de Master 1 et de Master 2 :<\/p>\n<ul>\n<li>rentr\u00e9e Master 1 : lundi 4 septembre \u00e0 10H, salle informatique 331<\/li>\n<li>rentr\u00e9e Master 2 : mardi 5 septembre \u00e0 10H, salle informatique 331<\/li>\n<\/ul>\n<p>Quelques cours sont pr\u00e9vus d\u00e8s la premi\u00e8re semaine, donc votre pr\u00e9sence est essentielle.<\/p>\n<p>Dans la mesure du possible, les soutenances des promotions sortantes seront organis\u00e9es les apr\u00e8s-midi de la semaine du 4 septembre devant les promotions entrantes. L&#8217;\u00e9quipe de la formation contactera les personnes concern\u00e9es avant la date butoir pour le d\u00e9p\u00f4t des m\u00e9moires et vous pouvez bien s\u00fbr vous rapprocher de votre enseignant.e-r\u00e9f\u00e9rent.e en cas de question.<\/p>\n<p>La Junior Agence T2M organise habituellement des rencontres pendant la premi\u00e8re semaine destin\u00e9es \u00e0 favoriser l&#8217;int\u00e9gration des nouvelles promotions. La premi\u00e8re AG de l&#8217;association, destin\u00e9e \u00e0 la pr\u00e9sentation des missions du semestre et \u00e0 l&#8217;\u00e9lection du nouveau Bureau, est pr\u00e9vue pendant l&#8217;apr\u00e8s-midi de vendredi 8 septembre : l\u00e0 encore, la pr\u00e9sence de toutes et de tous est essentiel. Les personnes n&#8217;ayant pas encore pris contact avec la Junior Agence T2M peuvent le faire en suivant les liens sur le site <a href=\"https:\/\/jat2m.wordpress.com\/\">https:\/\/jat2m.wordpress.com\/<\/a><\/p>\n<p>Les \u00e9quipes p\u00e9dagogique et administrative de la formation entrent en p\u00e9riode de cong\u00e9s estivaux et traiteront les \u00e9ventuelles autres questions \u00e0 leur retour.<\/p>\n","protected":false},"excerpt":{"rendered":"<p>La pause estivale est sur nous et l&#8217;\u00e9quipe de la formation souhaite des vacances reposantes &#8230; et studieuses &#8230; aux futures promotions de Master 1 et de Master 2 et \u00e0 la promotion de Master 2 sortante. Les r\u00e9unions de rentr\u00e9e pour l&#8217;ann\u00e9e 2022-23 seront organis\u00e9es aux dates d\u00e9j\u00e0 indiqu\u00e9es aux futures promotions de Master&hellip;<\/p>\n<p class=\"more-link-p\"><a class=\"btn btn-primary\" href=\"https:\/\/blog.ube.fr\/mastert2m\/2023\/07\/21\/rentree-2023-reunions-de-rentree-soutenances-et-ag-jat2m\/\">Voir plus &rarr;<\/a><\/p>\n","protected":false},"author":23,"featured_media":0,"comment_status":"closed","ping_status":"open","sticky":false,"template":"","format":"standard","meta":{"_exactmetrics_skip_tracking":false,"_exactmetrics_sitenote_active":false,"_exactmetrics_sitenote_note":"","_exactmetrics_sitenote_category":0,"footnotes":""},"categories":[1],"tags":[],"class_list":["post-1526","post","type-post","status-publish","format-standard","hentry","category-non-classe"],"_links":{"self":[{"href":"https:\/\/blog.ube.fr\/mastert2m\/wp-json\/wp\/v2\/posts\/1526","targetHints":{"allow":["GET"]}}],"collection":[{"href":"https:\/\/blog.ube.fr\/mastert2m\/wp-json\/wp\/v2\/posts"}],"about":[{"href":"https:\/\/blog.ube.fr\/mastert2m\/wp-json\/wp\/v2\/types\/post"}],"author":[{"embeddable":true,"href":"https:\/\/blog.ube.fr\/mastert2m\/wp-json\/wp\/v2\/users\/23"}],"replies":[{"embeddable":true,"href":"https:\/\/blog.ube.fr\/mastert2m\/wp-json\/wp\/v2\/comments?post=1526"}],"version-history":[{"count":1,"href":"https:\/\/blog.ube.fr\/mastert2m\/wp-json\/wp\/v2\/posts\/1526\/revisions"}],"predecessor-version":[{"id":1527,"href":"https:\/\/blog.ube.fr\/mastert2m\/wp-json\/wp\/v2\/posts\/1526\/revisions\/1527"}],"wp:attachment":[{"href":"https:\/\/blog.ube.fr\/mastert2m\/wp-json\/wp\/v2\/media?parent=1526"}],"wp:term":[{"taxonomy":"category","embeddable":true,"href":"https:\/\/blog.ube.fr\/mastert2m\/wp-json\/wp\/v2\/categories?post=1526"},{"taxonomy":"post_tag","embeddable":true,"href":"https:\/\/blog.ube.fr\/mastert2m\/wp-json\/wp\/v2\/tags?post=1526"}],"curies":[{"name":"wp","href":"https:\/\/api.w.org\/{rel}","templated":true}]}}