{"id":1501,"date":"2023-04-24T16:48:16","date_gmt":"2023-04-24T15:48:16","guid":{"rendered":"https:\/\/blog.u-bourgogne.fr\/mastert2m\/?p=1501"},"modified":"2023-04-24T16:48:16","modified_gmt":"2023-04-24T15:48:16","slug":"t2m2023-pieces-complementaires-projet-professionnel","status":"publish","type":"post","link":"https:\/\/blog.ube.fr\/mastert2m\/2023\/04\/24\/t2m2023-pieces-complementaires-projet-professionnel\/","title":{"rendered":"T2M2023 : pi\u00e8ces compl\u00e9mentaires \/ projet professionnel"},"content":{"rendered":"<p>L&#8217;\u00e9quipe de la formation T2M est heureuse de constater un nombre record de candidatures cette ann\u00e9e&#8230; et n&#8217;est sans doute pas la seule en France \u00e0 essuyer les pl\u00e2tres de la nouvelle plate-forme MonMaster.<\/p>\n<p>Comme il a \u00e9t\u00e9 signal\u00e9 sur le site de la formation mais pas tr\u00e8s clairement sur MonMaster, la premi\u00e8re \u00e9tape du recrutement \u00e0 la formation consiste en un dossier comprenant :<\/p>\n<ul>\n<li>une lettre de motivation qui fait appara\u00eetre l&#8217;int\u00e9r\u00eat de la candidate ou du candidat pour la sp\u00e9cialit\u00e9 T2M<\/li>\n<li>un projet professionnel r\u00e9dig\u00e9 en environ 3 pages, qui situera la candidature par rapport au cadre de comp\u00e9tences EMT et par rapport au secteur de la traduction multim\u00e9dia.<\/li>\n<\/ul>\n<p>Si vous avez d\u00e9pos\u00e9 votre dossier sans l&#8217;une ou l&#8217;autre de ces pi\u00e8ces n\u00e9cessaires \u00e0 l&#8217;examen de votre candidature, vous pouvez nous la\/les transmettre <strong>avant 8h00, mardi 2 mai<\/strong> en utilisant le lien <a href=\"https:\/\/cloud.u-bourgogne.fr\/index.php\/s\/ArTHZWFdao6pbmH\">https:\/\/cloud.u-bourgogne.fr\/index.php\/s\/ArTHZWFdao6pbmH<\/a><\/p>\n<p>Les candidat\u00b7e\u00b7s ont normalement re\u00e7u un rappel par mail.<\/p>\n<p>Si vous avez d\u00e9j\u00e0 d\u00e9pos\u00e9 votre dossier avec ces pi\u00e8ces, l&#8217;\u00e9quipe de la formation tient \u00e0 vous remercier !<\/p>\n<p>Les convocations \u00e0 l&#8217;\u00e9preuve \u00e9crite seront transmises aux candidat\u00b7e\u00b7s concern\u00e9\u00b7e\u00b7s d\u00e8s que possible via la plate-forme MonMaster.<\/p>\n","protected":false},"excerpt":{"rendered":"<p>L&#8217;\u00e9quipe de la formation T2M est heureuse de constater un nombre record de candidatures cette ann\u00e9e&#8230; et n&#8217;est sans doute pas la seule en France \u00e0 essuyer les pl\u00e2tres de la nouvelle plate-forme MonMaster. Comme il a \u00e9t\u00e9 signal\u00e9 sur le site de la formation mais pas tr\u00e8s clairement sur MonMaster, la premi\u00e8re \u00e9tape du&hellip;<\/p>\n<p class=\"more-link-p\"><a class=\"btn btn-primary\" href=\"https:\/\/blog.ube.fr\/mastert2m\/2023\/04\/24\/t2m2023-pieces-complementaires-projet-professionnel\/\">Voir plus &rarr;<\/a><\/p>\n","protected":false},"author":23,"featured_media":0,"comment_status":"closed","ping_status":"open","sticky":false,"template":"","format":"standard","meta":{"_exactmetrics_skip_tracking":false,"_exactmetrics_sitenote_active":false,"_exactmetrics_sitenote_note":"","_exactmetrics_sitenote_category":0,"footnotes":""},"categories":[1],"tags":[],"class_list":["post-1501","post","type-post","status-publish","format-standard","hentry","category-non-classe"],"_links":{"self":[{"href":"https:\/\/blog.ube.fr\/mastert2m\/wp-json\/wp\/v2\/posts\/1501","targetHints":{"allow":["GET"]}}],"collection":[{"href":"https:\/\/blog.ube.fr\/mastert2m\/wp-json\/wp\/v2\/posts"}],"about":[{"href":"https:\/\/blog.ube.fr\/mastert2m\/wp-json\/wp\/v2\/types\/post"}],"author":[{"embeddable":true,"href":"https:\/\/blog.ube.fr\/mastert2m\/wp-json\/wp\/v2\/users\/23"}],"replies":[{"embeddable":true,"href":"https:\/\/blog.ube.fr\/mastert2m\/wp-json\/wp\/v2\/comments?post=1501"}],"version-history":[{"count":1,"href":"https:\/\/blog.ube.fr\/mastert2m\/wp-json\/wp\/v2\/posts\/1501\/revisions"}],"predecessor-version":[{"id":1502,"href":"https:\/\/blog.ube.fr\/mastert2m\/wp-json\/wp\/v2\/posts\/1501\/revisions\/1502"}],"wp:attachment":[{"href":"https:\/\/blog.ube.fr\/mastert2m\/wp-json\/wp\/v2\/media?parent=1501"}],"wp:term":[{"taxonomy":"category","embeddable":true,"href":"https:\/\/blog.ube.fr\/mastert2m\/wp-json\/wp\/v2\/categories?post=1501"},{"taxonomy":"post_tag","embeddable":true,"href":"https:\/\/blog.ube.fr\/mastert2m\/wp-json\/wp\/v2\/tags?post=1501"}],"curies":[{"name":"wp","href":"https:\/\/api.w.org\/{rel}","templated":true}]}}