{"id":1474,"date":"2023-03-06T08:00:25","date_gmt":"2023-03-06T07:00:25","guid":{"rendered":"https:\/\/blog.u-bourgogne.fr\/mastert2m\/?p=1474"},"modified":"2023-03-06T14:20:07","modified_gmt":"2023-03-06T13:20:07","slug":"candidatures-recrutement-doubles-diplomes","status":"publish","type":"post","link":"https:\/\/blog.ube.fr\/mastert2m\/2023\/03\/06\/candidatures-recrutement-doubles-diplomes\/","title":{"rendered":"T2M2023 : Candidatures, calendrier de recrutement et doubles dipl\u00f4mes"},"content":{"rendered":"<p>Il est temps de penser aux candidatures aux formations de Master pour 2023, qui s&#8217;effectueront dans la plupart des cas sur la nouvelle plate-forme nationale <a href=\"https:\/\/www.monmaster.gouv.fr\/\" target=\"_blank\" rel=\"noopener\">https:\/\/www.monmaster.gouv.fr\/<\/a><\/p>\n<p>Le site annonce que le d\u00e9p\u00f4t des candidatures sera possible <strong>du 22 mars au 18 avril<\/strong> et il est conseill\u00e9 de consulter r\u00e9guli\u00e8rement la page <a href=\"https:\/\/candidature.monmaster.gouv.fr\/\">https:\/\/candidature.monmaster.gouv.fr\/<\/a><\/p>\n<p>En attendant, voici quelques informations utiles :<\/p>\n<h2>Candidatures<\/h2>\n<p>Il faudra d\u00e9poser les pi\u00e8ces adminstratives habituelles demand\u00e9es par la plate-forme pour toutes les formations dont une pi\u00e8ce d&#8217;identit\u00e9, un CV et les r\u00e9sultats du Bac ou \u00e9quivalent et de chaque ann\u00e9e d&#8217;\u00e9tudes effectu\u00e9e dans le sup\u00e9rieur.<\/p>\n<p>Il faudra \u00e9galement d\u00e9poser :<\/p>\n<ul>\n<li>une lettre de motivation pr\u00e9cisant votre int\u00e9r\u00eat pour la sp\u00e9cialit\u00e9 &#8220;Traduction multim\u00e9dia&#8221; et pour l&#8217;option double dipl\u00f4me, le cas \u00e9ch\u00e9ant.<\/li>\n<li>un projet professionnel r\u00e9dig\u00e9 en 3 pages environ, qui situera les comp\u00e9tences que vous avez d\u00e9j\u00e0 acquis et esp\u00e9rez acqu\u00e9rir au cours de la formation par rapport au cadre <a href=\"https:\/\/commission.europa.eu\/news\/updated-version-emt-competence-framework-now-available-2022-10-21_fr\" target=\"_blank\" rel=\"noopener\">EMT2022<\/a> et par rapport \u00e0 vos connaissances du secteur.<\/li>\n<\/ul>\n<h2>Etapes de recrutement<\/h2>\n<p>Le recrutement \u00e0 la formation se d\u00e9roule en 3 temps :<\/p>\n<ol>\n<li>Les candidat\u00b7e\u00b7s\u00a0 dont le dossier aura \u00e9t\u00e9 valid\u00e9 par la commission p\u00e9dagogique de la formation recevront une convocation pour passer une \u00e9preuve \u00e9crite.<\/li>\n<li>L&#8217;\u00e9preuve \u00e9crite sera organis\u00e9e <strong>vendredi 12 mai<\/strong> et suivra un format proche de celui des ann\u00e9es pass\u00e9es :\n<ul>\n<li>L&#8217;\u00e9preuve sera organis\u00e9e en ligne. Les candidat\u00b7e\u00b7s qui le souhaitent pourront composer dans une salle informatique sur le campus de Dijon, mais l&#8217;\u00e9preuve pourra \u00eatre effectu\u00e9e depuis un autre endroit avec un ordinateur et une connexion internet fiable.<\/li>\n<li>Les candidat\u00b7e\u00b7s devront traiter, en 4 heures :\n<ul>\n<li>un exercice de correction de texte en fran\u00e7ais, en expliquant les modifications propos\u00e9es ;<\/li>\n<li>un exercice de transcription de traduction et de condensation-reforumilation en fran\u00e7ais d&#8217;un document audiovisuel en anglais, en proposant un commentaire r\u00e9dig\u00e9 en langue source ;<\/li>\n<li>un exercice de traduction vers le fran\u00e7ais d&#8217;un texte sp\u00e9cialis\u00e9 en allemand, espagnol ou italien, en proposant un commentaire r\u00e9dig\u00e9 en langue source.<\/li>\n<\/ul>\n<\/li>\n<li>Des \u00e9preuves d&#8217;entra\u00eenement seront publi\u00e9es sur le site de la formation \u00e0 partir de l&#8217;ouverture des candidatures et jusqu&#8217;\u00e0 la date de l&#8217;\u00e9preuve. Les membres de l&#8217;\u00e9quipe p\u00e9dagogique fourniront un retour sur les travaux qui leur seront transmis.<\/li>\n<\/ul>\n<\/li>\n<li>Les candidat\u00b7e\u00b7s dont le dossier aura \u00e9t\u00e9 retenu suite \u00e0 l&#8217;\u00e9preuve \u00e9crite recevront une convocation pour une audition pendant la premi\u00e8re quinzaine de juin. Cette audition se d\u00e9roulera dans les trois langues de la combinaison propos\u00e9e (FR + EN + DE, ES ou IT) et permettra de v\u00e9rifier et de compl\u00e9ter les r\u00e9ponses \u00e0 l&#8217;\u00e9preuve \u00e9crite et d&#8217;\u00e9valuer la motivation et l&#8217;orientatoin de chaque candidat\u00b7e.<\/li>\n<\/ol>\n<p><em>Les candidat\u00b7e\u00b7s recevront une r\u00e9ponse (candidature retenue sur liste principale ou compl\u00e9mentaire ; candidature non retenue) via la plate-forme nationale autour du 23 juin, d\u00e9but de la phase d&#8217;admission.<\/em><\/p>\n<h2>Doubles dipl\u00f4mes<\/h2>\n<p>La formation propose la possibilit\u00e9 d&#8217;effectuer un double dipl\u00f4me dans chacune des combinaisons de langues, avec une des Universit\u00e9s partenaires membres de l&#8217;alliance <a href=\"https:\/\/www.forthem-alliance.eu\/\" target=\"_blank\" rel=\"noopener\">FORTHEM <\/a>:<\/p>\n<ul>\n<li>avec la <a href=\"https:\/\/fb06.uni-mainz.de\/\" target=\"_blank\" rel=\"noopener\">FTSK Germersheim<\/a> de la <a href=\"https:\/\/startseite.uni-mainz.de\/\" target=\"_blank\" rel=\"noopener\">Johannes Gutenberg-Universit\u00e4t<\/a> \u00e0 Mayence (combinaisons FR-DE-EN ou DE-FR-EN)<\/li>\n<li>avec l&#8217;<a href=\"https:\/\/unipa.it\/\">Universit\u00e0 degli studi di Palermo<\/a>\u00a0(combinaisons FR-IT-EN ou IT-FR-EN)<\/li>\n<li>avec l&#8217;<a href=\"https:\/\/www.uv.es\/\">Universitat de Val\u00e8ncia<\/a>\u00a0(combinaisons FR-ES-EN ou ES-FR-EN).<\/li>\n<\/ul>\n<p>Les \u00e9tudiant\u00b7e\u00b7s inscrit\u00b7e\u00b7s en double dipl\u00f4me passent les semestres 1 et 3 \u00e0 l&#8217;Universit\u00e9 de Bourgogne et les semestres 2 et 4 dans l&#8217;Universit\u00e9 partenaire, avec un m\u00e9moire de fin d&#8217;\u00e9tudes co-dirig\u00e9 par les deux Universit\u00e9s et avec l&#8217;option d&#8217;effectuer un stage plus court entre les diff\u00e9rents semestres. Elles et ils b\u00e9n\u00e9ficient \u00e0 la fois de deux semestres en mobilit\u00e9 mais \u00e9galement de deux dipl\u00f4mes de Master en fin de parcours.<\/p>\n<p>La proc\u00e9dure de recrutement pour les doubles dipl\u00f4mes est la m\u00eame que pour le cursus classique mais les canditat\u00b7e\u00b7s potentiellement int\u00e9ress\u00e9\u00b7e\u00b7s sont invit\u00e9\u00b7e\u00b7s \u00e0 prendre contact avec les responsables p\u00e9dagogique, m\u00eame en amont du d\u00e9p\u00f4t de leur candidature.<\/p>\n","protected":false},"excerpt":{"rendered":"<p>Il est temps de penser aux candidatures aux formations de Master pour 2023, qui s&#8217;effectueront dans la plupart des cas sur la nouvelle plate-forme nationale https:\/\/www.monmaster.gouv.fr\/ Le site annonce que le d\u00e9p\u00f4t des candidatures sera possible du 22 mars au 18 avril et il est conseill\u00e9 de consulter r\u00e9guli\u00e8rement la page https:\/\/candidature.monmaster.gouv.fr\/ En attendant, voici&hellip;<\/p>\n<p class=\"more-link-p\"><a class=\"btn btn-primary\" href=\"https:\/\/blog.ube.fr\/mastert2m\/2023\/03\/06\/candidatures-recrutement-doubles-diplomes\/\">Voir plus &rarr;<\/a><\/p>\n","protected":false},"author":23,"featured_media":0,"comment_status":"closed","ping_status":"open","sticky":false,"template":"","format":"standard","meta":{"_exactmetrics_skip_tracking":false,"_exactmetrics_sitenote_active":false,"_exactmetrics_sitenote_note":"","_exactmetrics_sitenote_category":0,"footnotes":""},"categories":[1],"tags":[],"class_list":["post-1474","post","type-post","status-publish","format-standard","hentry","category-non-classe"],"_links":{"self":[{"href":"https:\/\/blog.ube.fr\/mastert2m\/wp-json\/wp\/v2\/posts\/1474","targetHints":{"allow":["GET"]}}],"collection":[{"href":"https:\/\/blog.ube.fr\/mastert2m\/wp-json\/wp\/v2\/posts"}],"about":[{"href":"https:\/\/blog.ube.fr\/mastert2m\/wp-json\/wp\/v2\/types\/post"}],"author":[{"embeddable":true,"href":"https:\/\/blog.ube.fr\/mastert2m\/wp-json\/wp\/v2\/users\/23"}],"replies":[{"embeddable":true,"href":"https:\/\/blog.ube.fr\/mastert2m\/wp-json\/wp\/v2\/comments?post=1474"}],"version-history":[{"count":4,"href":"https:\/\/blog.ube.fr\/mastert2m\/wp-json\/wp\/v2\/posts\/1474\/revisions"}],"predecessor-version":[{"id":1487,"href":"https:\/\/blog.ube.fr\/mastert2m\/wp-json\/wp\/v2\/posts\/1474\/revisions\/1487"}],"wp:attachment":[{"href":"https:\/\/blog.ube.fr\/mastert2m\/wp-json\/wp\/v2\/media?parent=1474"}],"wp:term":[{"taxonomy":"category","embeddable":true,"href":"https:\/\/blog.ube.fr\/mastert2m\/wp-json\/wp\/v2\/categories?post=1474"},{"taxonomy":"post_tag","embeddable":true,"href":"https:\/\/blog.ube.fr\/mastert2m\/wp-json\/wp\/v2\/tags?post=1474"}],"curies":[{"name":"wp","href":"https:\/\/api.w.org\/{rel}","templated":true}]}}