{"id":1437,"date":"2022-05-23T09:10:57","date_gmt":"2022-05-23T08:10:57","guid":{"rendered":"https:\/\/blog.u-bourgogne.fr\/mastert2m\/?p=1437"},"modified":"2022-05-23T10:39:05","modified_gmt":"2022-05-23T09:39:05","slug":"epreuves-dadmission-au-master-t2m-dernieres-precisions","status":"publish","type":"post","link":"https:\/\/blog.ube.fr\/mastert2m\/2022\/05\/23\/epreuves-dadmission-au-master-t2m-dernieres-precisions\/","title":{"rendered":"Epreuves d&#8217;admission au Master T2M : derni\u00e8res pr\u00e9cisions"},"content":{"rendered":"<p>Les \u00e9preuves d&#8217;admission au Master T2M se d\u00e9roulent en trois temps : d\u00e9p\u00f4t de candidature, \u00e9preuve \u00e9crite puis entretien oral trilingue pour les personnes dont la candidature est retenue suite \u00e0 l&#8217;\u00e9preuve \u00e9crite.<\/p>\n<p>L&#8217;\u00e9preuve \u00e9crite aura lieu, comme d\u00e9j\u00e0 annonc\u00e9,\u00a0<strong>vendredi 27\/05\/2022<\/strong> de 9H \u00e0 13H, heure de Dijon. Les sujets seront publi\u00e9s en ligne \u00e0 9H00 sur la page <a href=\"https:\/\/blog.ube.fr\/mastert2m\/actualites\/\" target=\"_blank\" rel=\"noopener\">https:\/\/blog.ube.fr\/mastert2m\/actualites\/<\/a> et les candidates et candidats devront d\u00e9poser trois fichiers avant 13H00, en utilisant le lien de d\u00e9p\u00f4t qui sera fourni.<\/p>\n<p>Les candidates et candidats autoris\u00e9.e.s \u00e0 composer ont normalement d\u00e9j\u00e0 re\u00e7u un message dans ce sens, mais n&#8217;h\u00e9sitez pas \u00e0 vous rapprocher du secr\u00e9tariat et de l&#8217;\u00e9quipe p\u00e9dagogique en cas de doute.<\/p>\n<p>Merci de lire attentivement les consignes relatives au contenu et au format des \u00e9preuves pour ne pas vous retrouver en difficult\u00e9 au moment du d\u00e9p\u00f4t. Notamment :<\/p>\n<ul>\n<li>l&#8217;\u00e9preuve vise \u00e0 \u00e9valuer \u00e0 la fois\u00a0<strong>la qualit\u00e9 de votre travail<\/strong> et\u00a0<strong>votre capacit\u00e9 \u00e0 g\u00e9rer le temps.<\/strong> Il est vivement conseill\u00e9 de relire attentivement vos traductions et explications avant de d\u00e9poser votre travail, mais \u00e9galement essentiel de d\u00e9poser tous les exercices.<\/li>\n<li><strong>ceci n&#8217;est pas un DST en amphi ni une \u00e9preuve de version<\/strong> : vous pouvez utiliser tous les outils \u00e0 votre disposition (dictionnaires et bases terminologiques, corpus, correcteurs orthographiques, m\u00eame des moteurs de traduction automatique), \u00e0 condition de les citer dans le commentaire qui sera demand\u00e9 pour chaque exercice en expliquant intelligamment l&#8217;usage que vous en avez fait. Il pourra vous \u00eatre demand\u00e9 de justifier vos choix et d&#8217;expliquer en d\u00e9tail vos m\u00e9thodes de travail au moment des auditions.<\/li>\n<li><strong>trois fichiers<\/strong> seront demand\u00e9s, correspondant \u00e0 :\n<ul>\n<li><strong>l&#8217;\u00e9preve de fran\u00e7ais<\/strong> : correction de et commentaire sur les fautes d&#8217;un texte en fran\u00e7ais. Travail \u00e0 r\u00e9aliser en annotant un fichier .pdf ou \u00e0 defaut en fournissant une liste des fautes et des commentaires dans un fichier .docx<\/li>\n<li><strong>l&#8217;\u00e9preuve d&#8217;anglais<\/strong> : transcription d&#8217;un texte audiovisuel en anglais, traduction vers le fran\u00e7ais, commentaire en anglais<\/li>\n<li><strong>l&#8217;\u00e9preuve d&#8217;allemand, espagnol ou italien<\/strong> : traduction\/localisation d&#8217;un texte vers le fran\u00e7ais, commentaire et\/ou r\u00e9ponses aux questions \u00e0 fournir en langue source.<\/li>\n<\/ul>\n<\/li>\n<li>seuls les formats .docx et (pour l&#8217;\u00e9preuve de fran\u00e7ais) .pdf seront accept\u00e9s. Nous ne garantissons pas de pouvoir ouvrir ou \u00e9valuer des fichiers d\u00e9pos\u00e9s dans un autre format.<\/li>\n<li><strong>pour nous permettre de vous identifier votre travail, merci de nommer chaque fichier en suivant le mod\u00e8le &lt;NOM&gt;_&lt;PRENOM&gt;_&lt;SUJET&gt;<\/strong>, en rempla\u00e7ant les \u00e9l\u00e9ments entre &lt;&gt; par votre nom, pr\u00e9nom et le code ISO correspondant au sujet (FR, EN, DE, ES, IT)<\/li>\n<li>pour des raisons \u00e9videntes, il faudra pr\u00e9voir un ordinateur \u00e9quip\u00e9 son et des logiciels permettant de traiter des fichiers .docx et d&#8217;annoter un fichier .pdf, ainsi qu&#8217;une connexion internet fiable. Suite \u00e0 des probl\u00e8mes constat\u00e9s par le pass\u00e9, nous d\u00e9conseillons l&#8217;utilisation d&#8217;une tablette, surtout si celle-ci ne dispose pas d&#8217;un clavier fiable.<\/li>\n<\/ul>\n<p>Au moment du d\u00e9p\u00f4t, vous verrez une interface qui ressemble \u00e0 l&#8217;image ci-dessous. Dans cet exemple, une candidate s&#8217;appelant Ada Lovelace, combinaision fran\u00e7ais-anglais-allemand, a d\u00e9pos\u00e9 son travail (1) en cliquant sur le lien permettant de chercher les fichiers et (2) en v\u00e9rifiant que les bons fichiers sont d\u00e9pos\u00e9s. L&#8217;interface ne vous donnera pas d&#8217;autre confirmation mais vous pouvez faire une capture d&#8217;\u00e9cran si vous le souhaitez.<\/p>\n<p><img loading=\"lazy\" decoding=\"async\" class=\"aligncenter wp-image-1438 size-medium\" src=\"https:\/\/blog.ube.fr\/mastert2m\/wp-content\/uploads\/sites\/12\/2022\/05\/Capture-decran-2022-05-22-165255-300x300.png\" alt=\"\" width=\"300\" height=\"300\" srcset=\"https:\/\/blog.ube.fr\/mastert2m\/wp-content\/uploads\/sites\/12\/2022\/05\/Capture-decran-2022-05-22-165255-300x300.png 300w, https:\/\/blog.ube.fr\/mastert2m\/wp-content\/uploads\/sites\/12\/2022\/05\/Capture-decran-2022-05-22-165255-150x150.png 150w, https:\/\/blog.ube.fr\/mastert2m\/wp-content\/uploads\/sites\/12\/2022\/05\/Capture-decran-2022-05-22-165255-768x767.png 768w, https:\/\/blog.ube.fr\/mastert2m\/wp-content\/uploads\/sites\/12\/2022\/05\/Capture-decran-2022-05-22-165255.png 796w\" sizes=\"auto, (max-width: 300px) 100vw, 300px\" \/><\/p>\n","protected":false},"excerpt":{"rendered":"<p>Les \u00e9preuves d&#8217;admission au Master T2M se d\u00e9roulent en trois temps : d\u00e9p\u00f4t de candidature, \u00e9preuve \u00e9crite puis entretien oral trilingue pour les personnes dont la candidature est retenue suite \u00e0 l&#8217;\u00e9preuve \u00e9crite. L&#8217;\u00e9preuve \u00e9crite aura lieu, comme d\u00e9j\u00e0 annonc\u00e9,\u00a0vendredi 27\/05\/2022 de 9H \u00e0 13H, heure de Dijon. Les sujets seront publi\u00e9s en ligne \u00e0&hellip;<\/p>\n<p class=\"more-link-p\"><a class=\"btn btn-primary\" href=\"https:\/\/blog.ube.fr\/mastert2m\/2022\/05\/23\/epreuves-dadmission-au-master-t2m-dernieres-precisions\/\">Voir plus &rarr;<\/a><\/p>\n","protected":false},"author":23,"featured_media":0,"comment_status":"closed","ping_status":"open","sticky":false,"template":"","format":"standard","meta":{"_exactmetrics_skip_tracking":false,"_exactmetrics_sitenote_active":false,"_exactmetrics_sitenote_note":"","_exactmetrics_sitenote_category":0,"footnotes":""},"categories":[1],"tags":[],"class_list":["post-1437","post","type-post","status-publish","format-standard","hentry","category-non-classe"],"_links":{"self":[{"href":"https:\/\/blog.ube.fr\/mastert2m\/wp-json\/wp\/v2\/posts\/1437","targetHints":{"allow":["GET"]}}],"collection":[{"href":"https:\/\/blog.ube.fr\/mastert2m\/wp-json\/wp\/v2\/posts"}],"about":[{"href":"https:\/\/blog.ube.fr\/mastert2m\/wp-json\/wp\/v2\/types\/post"}],"author":[{"embeddable":true,"href":"https:\/\/blog.ube.fr\/mastert2m\/wp-json\/wp\/v2\/users\/23"}],"replies":[{"embeddable":true,"href":"https:\/\/blog.ube.fr\/mastert2m\/wp-json\/wp\/v2\/comments?post=1437"}],"version-history":[{"count":9,"href":"https:\/\/blog.ube.fr\/mastert2m\/wp-json\/wp\/v2\/posts\/1437\/revisions"}],"predecessor-version":[{"id":1449,"href":"https:\/\/blog.ube.fr\/mastert2m\/wp-json\/wp\/v2\/posts\/1437\/revisions\/1449"}],"wp:attachment":[{"href":"https:\/\/blog.ube.fr\/mastert2m\/wp-json\/wp\/v2\/media?parent=1437"}],"wp:term":[{"taxonomy":"category","embeddable":true,"href":"https:\/\/blog.ube.fr\/mastert2m\/wp-json\/wp\/v2\/categories?post=1437"},{"taxonomy":"post_tag","embeddable":true,"href":"https:\/\/blog.ube.fr\/mastert2m\/wp-json\/wp\/v2\/tags?post=1437"}],"curies":[{"name":"wp","href":"https:\/\/api.w.org\/{rel}","templated":true}]}}