{"id":1427,"date":"2022-05-09T11:02:19","date_gmt":"2022-05-09T10:02:19","guid":{"rendered":"https:\/\/blog.u-bourgogne.fr\/mastert2m\/?p=1427"},"modified":"2022-05-13T08:27:08","modified_gmt":"2022-05-13T07:27:08","slug":"epreuve-dentrainement-2022-espagnol","status":"publish","type":"post","link":"https:\/\/blog.ube.fr\/mastert2m\/2022\/05\/09\/epreuve-dentrainement-2022-espagnol\/","title":{"rendered":"Epreuve d&#8217;entra\u00eenement 2022 : espagnol"},"content":{"rendered":"<p>Les candidatures au Master T2M sont ouvertes jusqu&#8217;au 16 mai et la s\u00e9rie des \u00e9preuves d&#8217;entra\u00eenement continue, avec la bande dessin\u00e9e et l&#8217;espagnol !<\/p>\n<p><a href=\"https:\/\/blog.ube.fr\/mastert2m\/wp-content\/uploads\/sites\/12\/2022\/05\/Sujet_entrainement_T2M_2022_ESPAGNOL.pdf\" target=\"_blank\" rel=\"noopener\">Voici le sujet \u00e0 t\u00e9l\u00e9charger.<\/a><\/p>\n<p>Nous rappelons aux candidat.e.s hispanistes que l&#8217;ouverture de notre double dipl\u00f4me avec l&#8217;<a href=\"https:\/\/www.uv.es\/\" target=\"_blank\" rel=\"noopener\">Universitat de Val\u00e8ncia<\/a> est pr\u00e9vue \u00e0 la rentr\u00e9e 2022, <em>toujours sous r\u00e9serve de validation par les instances des deux Universit\u00e9s, les derni\u00e8res d\u00e9marches administratives \u00e9tant en cours<\/em>.<\/p>\n<p>La promotion de double dipl\u00f4me passera son premier et son troisi\u00e8me semestre \u00e0 Dijon en suivant le programme T2M &#8220;classique&#8221; et son deuxi\u00e8me et son quatri\u00e8me semestre \u00e0 Valence en suivant le programme de <a href=\"https:\/\/www.uv.es\/uvweb\/universidad\/es\/estudios-postgrado\/masteres-oficiales\/oferta-masteres-oficiales\/master-universitario-traduccion-creativa-humanistica-1285848941532\/Titulacio.html?id=1285857507847\" target=\"_blank\" rel=\"noopener\">M\u00e1ster en Traducci\u00f3n Creativa y Human\u00edstica<\/a>, avec des cours issus des fili\u00e8res fran\u00e7ais et anglais. Comme pour les doubles dipl\u00f4mes existants avec Germersheim et Palerme, le m\u00e9moire de fin d&#8217;\u00e9tudes sera codirig\u00e9e par les deux Universit\u00e9s et les laureat.e.s obtiendront deux dupl\u00f4mes en fin de parcours.<\/p>\n<p>Comme le double dipl\u00f4me est toujours en cours de mise en place, nous assurons un suivi individualis\u00e9 des candidatures. Si vous \u00eates int\u00e9ress\u00e9.e, merci de vous signaler aupr\u00e8s de laureano.montero@u-bourgogne.fr, laurent.gautier@u-bourgogne.fr et will.noonan@u-bourgogne.fr, en expliquant les raisons pour votre choix dans votre dossier de candidature.<\/p>\n<p>Si vous n&#8217;avez pas enregistr\u00e9 ou pas termin\u00e9 votre candidature, il ne vous reste plus que quelques jours !<\/p>\n","protected":false},"excerpt":{"rendered":"<p>Les candidatures au Master T2M sont ouvertes jusqu&#8217;au 16 mai et la s\u00e9rie des \u00e9preuves d&#8217;entra\u00eenement continue, avec la bande dessin\u00e9e et l&#8217;espagnol ! Voici le sujet \u00e0 t\u00e9l\u00e9charger. Nous rappelons aux candidat.e.s hispanistes que l&#8217;ouverture de notre double dipl\u00f4me avec l&#8217;Universitat de Val\u00e8ncia est pr\u00e9vue \u00e0 la rentr\u00e9e 2022, toujours sous r\u00e9serve de validation&hellip;<\/p>\n<p class=\"more-link-p\"><a class=\"btn btn-primary\" href=\"https:\/\/blog.ube.fr\/mastert2m\/2022\/05\/09\/epreuve-dentrainement-2022-espagnol\/\">Voir plus &rarr;<\/a><\/p>\n","protected":false},"author":23,"featured_media":0,"comment_status":"closed","ping_status":"open","sticky":false,"template":"","format":"standard","meta":{"_exactmetrics_skip_tracking":false,"_exactmetrics_sitenote_active":false,"_exactmetrics_sitenote_note":"","_exactmetrics_sitenote_category":0,"footnotes":""},"categories":[1],"tags":[],"class_list":["post-1427","post","type-post","status-publish","format-standard","hentry","category-non-classe"],"_links":{"self":[{"href":"https:\/\/blog.ube.fr\/mastert2m\/wp-json\/wp\/v2\/posts\/1427","targetHints":{"allow":["GET"]}}],"collection":[{"href":"https:\/\/blog.ube.fr\/mastert2m\/wp-json\/wp\/v2\/posts"}],"about":[{"href":"https:\/\/blog.ube.fr\/mastert2m\/wp-json\/wp\/v2\/types\/post"}],"author":[{"embeddable":true,"href":"https:\/\/blog.ube.fr\/mastert2m\/wp-json\/wp\/v2\/users\/23"}],"replies":[{"embeddable":true,"href":"https:\/\/blog.ube.fr\/mastert2m\/wp-json\/wp\/v2\/comments?post=1427"}],"version-history":[{"count":7,"href":"https:\/\/blog.ube.fr\/mastert2m\/wp-json\/wp\/v2\/posts\/1427\/revisions"}],"predecessor-version":[{"id":1435,"href":"https:\/\/blog.ube.fr\/mastert2m\/wp-json\/wp\/v2\/posts\/1427\/revisions\/1435"}],"wp:attachment":[{"href":"https:\/\/blog.ube.fr\/mastert2m\/wp-json\/wp\/v2\/media?parent=1427"}],"wp:term":[{"taxonomy":"category","embeddable":true,"href":"https:\/\/blog.ube.fr\/mastert2m\/wp-json\/wp\/v2\/categories?post=1427"},{"taxonomy":"post_tag","embeddable":true,"href":"https:\/\/blog.ube.fr\/mastert2m\/wp-json\/wp\/v2\/tags?post=1427"}],"curies":[{"name":"wp","href":"https:\/\/api.w.org\/{rel}","templated":true}]}}