{"id":1248,"date":"2021-01-25T20:57:04","date_gmt":"2021-01-25T19:57:04","guid":{"rendered":"https:\/\/blog.u-bourgogne.fr\/mastert2m\/?p=1248"},"modified":"2021-03-22T15:15:23","modified_gmt":"2021-03-22T14:15:23","slug":"a-vos-agendas-dates-de-candidature-2021","status":"publish","type":"post","link":"https:\/\/blog.ube.fr\/mastert2m\/2021\/01\/25\/a-vos-agendas-dates-de-candidature-2021\/","title":{"rendered":"A vos agendas : dates de candidature 2021"},"content":{"rendered":"<p>L&#8217;\u00e9quipe T2M souhaite une excellente ann\u00e9e 2021 \u00e0 toutes et \u00e0 tous et commence d\u00e9j\u00e0 \u00e0 travailler \u00e0 l&#8217;accueil des nouvelles promotions &#8211; esp\u00e9rons en pr\u00e9sentiel et accompagn\u00e9es d&#8217;une reprise des festivit\u00e9s que nous avons d\u00fb mettre de c\u00f4t\u00e9 en 2020 &#8211; \u00e0 la prochaine rentr\u00e9e universitaire.<\/p>\n<p>En attendant le calendrier d\u00e9finitif de l&#8217;ann\u00e9e 2021-22, nos pouvons d&#8217;ores et d\u00e9j\u00e0 confirmer le calendrier des candidatures :<\/p>\n<ul>\n<li>d\u00e9p\u00f4t des candidatures sur e-candidat <strong>du 26 avril au 17 mai<\/strong><\/li>\n<li>\u00e9preuve \u00e9crite (en ligne)\u00a0<strong>vendredi 28 mai<\/strong><\/li>\n<li>entretiens pendant la\u00a0<strong>semaine du 14 juin\u00a0<\/strong>en fonction des combinaisons de langues<\/li>\n<li>r\u00e9sultats \u00e0 partir du 21 juin.<\/li>\n<\/ul>\n<p><em>Attention : les candidat.e.s internationales.aux n&#8217;ayant pas encore valid\u00e9 un an d&#8217;\u00e9tudes en France sont soumis.es \u00e0 une proc\u00e9dure sp\u00e9cifique, indiqu\u00e9e sous le lien <a href=\"https:\/\/ub-link.u-bourgogne.fr\/etudiants-internationaux\">https:\/\/ub-link.u-bourgogne.fr\/etudiants-internationaux<\/a><\/em><\/p>\n","protected":false},"excerpt":{"rendered":"<p>L&#8217;\u00e9quipe T2M souhaite une excellente ann\u00e9e 2021 \u00e0 toutes et \u00e0 tous et commence d\u00e9j\u00e0 \u00e0 travailler \u00e0 l&#8217;accueil des nouvelles promotions &#8211; esp\u00e9rons en pr\u00e9sentiel et accompagn\u00e9es d&#8217;une reprise des festivit\u00e9s que nous avons d\u00fb mettre de c\u00f4t\u00e9 en 2020 &#8211; \u00e0 la prochaine rentr\u00e9e universitaire. En attendant le calendrier d\u00e9finitif de l&#8217;ann\u00e9e 2021-22,&hellip;<\/p>\n<p class=\"more-link-p\"><a class=\"btn btn-primary\" href=\"https:\/\/blog.ube.fr\/mastert2m\/2021\/01\/25\/a-vos-agendas-dates-de-candidature-2021\/\">Voir plus &rarr;<\/a><\/p>\n","protected":false},"author":23,"featured_media":0,"comment_status":"closed","ping_status":"open","sticky":false,"template":"","format":"standard","meta":{"_exactmetrics_skip_tracking":false,"_exactmetrics_sitenote_active":false,"_exactmetrics_sitenote_note":"","_exactmetrics_sitenote_category":0,"footnotes":""},"categories":[1],"tags":[],"class_list":["post-1248","post","type-post","status-publish","format-standard","hentry","category-non-classe"],"_links":{"self":[{"href":"https:\/\/blog.ube.fr\/mastert2m\/wp-json\/wp\/v2\/posts\/1248","targetHints":{"allow":["GET"]}}],"collection":[{"href":"https:\/\/blog.ube.fr\/mastert2m\/wp-json\/wp\/v2\/posts"}],"about":[{"href":"https:\/\/blog.ube.fr\/mastert2m\/wp-json\/wp\/v2\/types\/post"}],"author":[{"embeddable":true,"href":"https:\/\/blog.ube.fr\/mastert2m\/wp-json\/wp\/v2\/users\/23"}],"replies":[{"embeddable":true,"href":"https:\/\/blog.ube.fr\/mastert2m\/wp-json\/wp\/v2\/comments?post=1248"}],"version-history":[{"count":5,"href":"https:\/\/blog.ube.fr\/mastert2m\/wp-json\/wp\/v2\/posts\/1248\/revisions"}],"predecessor-version":[{"id":1290,"href":"https:\/\/blog.ube.fr\/mastert2m\/wp-json\/wp\/v2\/posts\/1248\/revisions\/1290"}],"wp:attachment":[{"href":"https:\/\/blog.ube.fr\/mastert2m\/wp-json\/wp\/v2\/media?parent=1248"}],"wp:term":[{"taxonomy":"category","embeddable":true,"href":"https:\/\/blog.ube.fr\/mastert2m\/wp-json\/wp\/v2\/categories?post=1248"},{"taxonomy":"post_tag","embeddable":true,"href":"https:\/\/blog.ube.fr\/mastert2m\/wp-json\/wp\/v2\/tags?post=1248"}],"curies":[{"name":"wp","href":"https:\/\/api.w.org\/{rel}","templated":true}]}}