{"id":1105,"date":"2020-05-18T18:02:55","date_gmt":"2020-05-18T17:02:55","guid":{"rendered":"https:\/\/blog.u-bourgogne.fr\/mastert2m\/?p=1105"},"modified":"2020-05-18T18:03:13","modified_gmt":"2020-05-18T17:03:13","slug":"stages-2020-rappel-des-dates","status":"publish","type":"post","link":"https:\/\/blog.ube.fr\/mastert2m\/2020\/05\/18\/stages-2020-rappel-des-dates\/","title":{"rendered":"Stages 2020 : rappel des dates"},"content":{"rendered":"<p>Le jury de la formation confirme le calendrier suivant pour les notes de stage ce semestre :<\/p>\n<ul>\n<li><strong>Session 1<\/strong>, pour les \u00e9tudiant.e.s ayant termin\u00e9 leur stage ou activit\u00e9 \u00e9quivalente avant mi-juin : <strong>d\u00e9p\u00f4t du travail \u00e9crit sur Plubel le 17 juin au plus tard, soutenance en ligne vers fin juin.<\/strong><\/li>\n<li><strong>Session 2<\/strong>, pour les \u00e9tudiant.e.s n&#8217;ayant pas d\u00e9pos\u00e9 leur travail \u00e0 la 1\u00e8re session :\u00a0<strong>d\u00e9p\u00f4t du travail \u00e9crit sur Plubel le 24 ao\u00fbt au plus tard, soutenance d\u00e9but septembre.<\/strong><\/li>\n<li><strong>Exception<\/strong>, pour les \u00e9tudiant.e.s de M2 autoris\u00e9.e.s \u00e0 poursuivre un stage ou activit\u00e9 \u00e9quivalente jusqu&#8217;\u00e0u 31 d\u00e9cembre : dates \u00e0 d\u00e9finir au cas par cas avec votre enseignant-r\u00e9f\u00e9rent, soutenance dans tous les cas avant les vacances de no\u00ebl.<\/li>\n<\/ul>\n<p>Les consignes de r\u00e9daction sont publi\u00e9es sur <a href=\"https:\/\/blog.ube.fr\/mastert2m\/documents\/\" target=\"_blank\" rel=\"noopener noreferrer\">https:\/\/blog.ube.fr\/mastert2m\/documents\/<\/a> et sur le groupe Teams de la formation. Sauf cas particulier (m\u00e9moire de recherche plus long prenant la place d&#8217;une note de stage&#8230;), tou.te.s les \u00e9tudiant.e.s doivent rendre leur travail accompagn\u00e9 d&#8217;une traduction int\u00e9grale vers l&#8217;autre langue de leur combinaison.<\/p>\n<p>En cas d&#8217;incertitude, merci de prendre contact avec votre enseignant-r\u00e9f\u00e9rent.<\/p>\n","protected":false},"excerpt":{"rendered":"<p>Le jury de la formation confirme le calendrier suivant pour les notes de stage ce semestre : Session 1, pour les \u00e9tudiant.e.s ayant termin\u00e9 leur stage ou activit\u00e9 \u00e9quivalente avant mi-juin : d\u00e9p\u00f4t du travail \u00e9crit sur Plubel le 17 juin au plus tard, soutenance en ligne vers fin juin. Session 2, pour les \u00e9tudiant.e.s&hellip;<\/p>\n<p class=\"more-link-p\"><a class=\"btn btn-primary\" href=\"https:\/\/blog.ube.fr\/mastert2m\/2020\/05\/18\/stages-2020-rappel-des-dates\/\">Voir plus &rarr;<\/a><\/p>\n","protected":false},"author":23,"featured_media":0,"comment_status":"closed","ping_status":"open","sticky":false,"template":"","format":"standard","meta":{"_exactmetrics_skip_tracking":false,"_exactmetrics_sitenote_active":false,"_exactmetrics_sitenote_note":"","_exactmetrics_sitenote_category":0,"footnotes":""},"categories":[1],"tags":[],"class_list":["post-1105","post","type-post","status-publish","format-standard","hentry","category-non-classe"],"_links":{"self":[{"href":"https:\/\/blog.ube.fr\/mastert2m\/wp-json\/wp\/v2\/posts\/1105","targetHints":{"allow":["GET"]}}],"collection":[{"href":"https:\/\/blog.ube.fr\/mastert2m\/wp-json\/wp\/v2\/posts"}],"about":[{"href":"https:\/\/blog.ube.fr\/mastert2m\/wp-json\/wp\/v2\/types\/post"}],"author":[{"embeddable":true,"href":"https:\/\/blog.ube.fr\/mastert2m\/wp-json\/wp\/v2\/users\/23"}],"replies":[{"embeddable":true,"href":"https:\/\/blog.ube.fr\/mastert2m\/wp-json\/wp\/v2\/comments?post=1105"}],"version-history":[{"count":2,"href":"https:\/\/blog.ube.fr\/mastert2m\/wp-json\/wp\/v2\/posts\/1105\/revisions"}],"predecessor-version":[{"id":1107,"href":"https:\/\/blog.ube.fr\/mastert2m\/wp-json\/wp\/v2\/posts\/1105\/revisions\/1107"}],"wp:attachment":[{"href":"https:\/\/blog.ube.fr\/mastert2m\/wp-json\/wp\/v2\/media?parent=1105"}],"wp:term":[{"taxonomy":"category","embeddable":true,"href":"https:\/\/blog.ube.fr\/mastert2m\/wp-json\/wp\/v2\/categories?post=1105"},{"taxonomy":"post_tag","embeddable":true,"href":"https:\/\/blog.ube.fr\/mastert2m\/wp-json\/wp\/v2\/tags?post=1105"}],"curies":[{"name":"wp","href":"https:\/\/api.w.org\/{rel}","templated":true}]}}