{"id":1059,"date":"2020-01-20T09:00:25","date_gmt":"2020-01-20T08:00:25","guid":{"rendered":"https:\/\/blog.u-bourgogne.fr\/mastert2m\/?p=1059"},"modified":"2020-04-10T09:49:51","modified_gmt":"2020-04-10T08:49:51","slug":"dates-de-candidature-2020","status":"publish","type":"post","link":"https:\/\/blog.ube.fr\/mastert2m\/2020\/01\/20\/dates-de-candidature-2020\/","title":{"rendered":"Dates de candidature 2020"},"content":{"rendered":"<p>Comme chaque ann\u00e9e, le recrutement au Master T2M se passe en 3 \u00e9tapes :<\/p>\n<ul>\n<li>d\u00e9p\u00f4t des candidatures sur <a href=\"https:\/\/ecandidat.u-bourgogne.fr\/ecandidat\/\">https:\/\/ecandidat.u-bourgogne.fr\/ecandidat\/<\/a> du <strong>18 avril au 17 mai<\/strong>. Pour les \u00e9tudiants \u00e9trangers n&#8217;ayant pas valid\u00e9 un an d&#8217;\u00e9tudes sup\u00e9rieures en France, la marche \u00e0 suivre est indiqu\u00e9e sous <a href=\"http:\/\/ub-link.u-bourgogne.fr\/etudiants-internationaux.html\">http:\/\/ub-link.u-bourgogne.fr\/etudiants-internationaux.html<\/a><\/li>\n<li>\u00e9preuve en ligne pr\u00e9vue\u00a0<strong>lundi 25 mai de 9h \u00e0 13h, heure fran\u00e7aise<\/strong><\/li>\n<li>entretiens trilingues pr\u00e9vus du 9 au 11 juin, en fonction des combinaisons de langues.<\/li>\n<\/ul>\n<p>Les candidat.e.s int\u00e9ress\u00e9.e.s peuvent d&#8217;ores et d\u00e9j\u00e0 :<\/p>\n<ul>\n<li>commencer \u00e0 mettre au point leur dossier (dipl\u00f4mes et autres pi\u00e8ces administratives, CV et lettre de motivation, projet professionnel r\u00e9dig\u00e9 en 3 pages, \u00e9l\u00e9ments de portfolio \u00e9ventuels&#8230;)<\/li>\n<li>parcourir les annales des \u00e9preuves d&#8217;entr\u00e9e.<\/li>\n<\/ul>\n<p>Les candidat.e.s germanistes int\u00e9ress\u00e9.e.s par le double dipl\u00f4me Dijon-Germersheim sont invit\u00e9.e.s \u00e0 prendre contact avec laurent.gautier@u-bourgogne.fr.<\/p>\n<p>L&#8217;\u00e9quipe p\u00e9dagogique se tient \u00e0 votre disposition.<\/p>\n","protected":false},"excerpt":{"rendered":"<p>Comme chaque ann\u00e9e, le recrutement au Master T2M se passe en 3 \u00e9tapes : d\u00e9p\u00f4t des candidatures sur https:\/\/ecandidat.u-bourgogne.fr\/ecandidat\/ du 18 avril au 17 mai. Pour les \u00e9tudiants \u00e9trangers n&#8217;ayant pas valid\u00e9 un an d&#8217;\u00e9tudes sup\u00e9rieures en France, la marche \u00e0 suivre est indiqu\u00e9e sous http:\/\/ub-link.u-bourgogne.fr\/etudiants-internationaux.html \u00e9preuve en ligne pr\u00e9vue\u00a0lundi 25 mai de 9h \u00e0&hellip;<\/p>\n<p class=\"more-link-p\"><a class=\"btn btn-primary\" href=\"https:\/\/blog.ube.fr\/mastert2m\/2020\/01\/20\/dates-de-candidature-2020\/\">Voir plus &rarr;<\/a><\/p>\n","protected":false},"author":23,"featured_media":0,"comment_status":"closed","ping_status":"open","sticky":false,"template":"","format":"standard","meta":{"_exactmetrics_skip_tracking":false,"_exactmetrics_sitenote_active":false,"_exactmetrics_sitenote_note":"","_exactmetrics_sitenote_category":0,"footnotes":""},"categories":[1],"tags":[],"class_list":["post-1059","post","type-post","status-publish","format-standard","hentry","category-non-classe"],"_links":{"self":[{"href":"https:\/\/blog.ube.fr\/mastert2m\/wp-json\/wp\/v2\/posts\/1059","targetHints":{"allow":["GET"]}}],"collection":[{"href":"https:\/\/blog.ube.fr\/mastert2m\/wp-json\/wp\/v2\/posts"}],"about":[{"href":"https:\/\/blog.ube.fr\/mastert2m\/wp-json\/wp\/v2\/types\/post"}],"author":[{"embeddable":true,"href":"https:\/\/blog.ube.fr\/mastert2m\/wp-json\/wp\/v2\/users\/23"}],"replies":[{"embeddable":true,"href":"https:\/\/blog.ube.fr\/mastert2m\/wp-json\/wp\/v2\/comments?post=1059"}],"version-history":[{"count":2,"href":"https:\/\/blog.ube.fr\/mastert2m\/wp-json\/wp\/v2\/posts\/1059\/revisions"}],"predecessor-version":[{"id":1088,"href":"https:\/\/blog.ube.fr\/mastert2m\/wp-json\/wp\/v2\/posts\/1059\/revisions\/1088"}],"wp:attachment":[{"href":"https:\/\/blog.ube.fr\/mastert2m\/wp-json\/wp\/v2\/media?parent=1059"}],"wp:term":[{"taxonomy":"category","embeddable":true,"href":"https:\/\/blog.ube.fr\/mastert2m\/wp-json\/wp\/v2\/categories?post=1059"},{"taxonomy":"post_tag","embeddable":true,"href":"https:\/\/blog.ube.fr\/mastert2m\/wp-json\/wp\/v2\/tags?post=1059"}],"curies":[{"name":"wp","href":"https:\/\/api.w.org\/{rel}","templated":true}]}}