{"id":851,"date":"2017-10-20T09:01:35","date_gmt":"2017-10-20T08:01:35","guid":{"rendered":"http:\/\/blog.u-bourgogne.fr\/master-ajai\/?p=851"},"modified":"2017-12-16T15:46:11","modified_gmt":"2017-12-16T14:46:11","slug":"promotion-2018-laurence-ravillon","status":"publish","type":"post","link":"https:\/\/blog.ube.fr\/master-ajai\/blog\/promotion-2018-laurence-ravillon\/","title":{"rendered":"La promotion 2018 Laurence Ravillon"},"content":{"rendered":"<h2><strong>La promotion 2018 Laurence Ravillon<\/strong><\/h2>\n<p>La promotion 2017-2018 est compos\u00e9e de 19 \u00e9tudiants, fran\u00e7ais et \u00e9trangers :<\/p>\n<p>&nbsp;<\/p>\n<p><a href=\"http:\/\/blog.ube.fr\/master-ajai\/wp-content\/uploads\/sites\/93\/2017\/11\/cropped-Promo-1-2.jpg\"><img loading=\"lazy\" decoding=\"async\" class=\"alignright wp-image-540\" src=\"http:\/\/blog.ube.fr\/master-ajai\/wp-content\/uploads\/sites\/93\/2017\/11\/cropped-Promo-1-2-1024x645.jpg\" alt=\"\" width=\"650\" height=\"410\" srcset=\"https:\/\/blog.ube.fr\/master-ajai\/wp-content\/uploads\/sites\/93\/2017\/11\/cropped-Promo-1-2-1024x645.jpg 1024w, https:\/\/blog.ube.fr\/master-ajai\/wp-content\/uploads\/sites\/93\/2017\/11\/cropped-Promo-1-2-300x189.jpg 300w, https:\/\/blog.ube.fr\/master-ajai\/wp-content\/uploads\/sites\/93\/2017\/11\/cropped-Promo-1-2-768x484.jpg 768w, https:\/\/blog.ube.fr\/master-ajai\/wp-content\/uploads\/sites\/93\/2017\/11\/cropped-Promo-1-2.jpg 1500w\" sizes=\"auto, (max-width: 650px) 100vw, 650px\" \/><\/a><\/p>\n<div>\u00a0 \u00a0 \u00a0 \u00a0 \u00a0<a href=\"https:\/\/www.linkedin.com\/in\/mawaba-addi-675087121\">ADDI Mawaba<\/a><\/div>\n<div>\u00a0 \u00a0 \u00a0 \u00a0 \u00a0<a href=\"https:\/\/www.linkedin.com\/in\/valentin-andr%C3%A9-8448a49b\/\">ANDRE Valentin<\/a><\/div>\n<div>\u00a0 \u00a0 \u00a0 \u00a0<a href=\"https:\/\/www.linkedin.com\/in\/isaac-arnoud-b7ba3bb7\/\">\u00a0 ARNOUD Isaac<\/a><\/div>\n<div>\u00a0 \u00a0 \u00a0 \u00a0 \u00a0<a href=\"https:\/\/www.linkedin.com\/in\/daria-buch-27a55985\/\">BUCH Daria<\/a><\/div>\n<div>\u00a0 \u00a0 \u00a0 \u00a0 \u00a0<a href=\"https:\/\/www.linkedin.com\/in\/dimitar-dimitrov-536102149\/\">DIMITROV Dimitar<\/a><\/div>\n<div>\u00a0 \u00a0 \u00a0 \u00a0 \u00a0<a href=\"https:\/\/www.linkedin.com\/in\/mouktar-drame-7728a8133\/\">DRAME Mouktar<\/a><\/div>\n<div>\u00a0 \u00a0 \u00a0 \u00a0\u00a0\u00a0<a href=\"https:\/\/www.linkedin.com\/in\/amandine-drappier-a04b52b3\/\">DRAPPIER Amandine<\/a><\/div>\n<div>\u00a0 \u00a0 \u00a0 \u00a0 \u00a0<a href=\"https:\/\/www.linkedin.com\/in\/raphael-kubacki-a64739150\/\">KUBACKI Rapha\u00ebl<\/a><\/div>\n<div>\u00a0 \u00a0 \u00a0 \u00a0 \u00a0<a href=\"https:\/\/www.linkedin.com\/in\/karen-loutfi-999b02152\/\">LOUTFI Karen<\/a><\/div>\n<div>\u00a0 \u00a0 \u00a0 \u00a0 \u00a0<a href=\"https:\/\/www.linkedin.com\/in\/sma%C3%AFl-merkati-3a2860152\/\">MERKATI Sma\u00efl<\/a><\/div>\n<div>\u00a0 \u00a0 \u00a0 \u00a0 \u00a0<a style=\"font-size: 16px\" href=\"https:\/\/www.linkedin.com\/in\/victoria-ortega-280396129\/\">ORTEGA Victoria<\/a><\/div>\n<div>\u00a0 \u00a0 \u00a0 \u00a0\u00a0\u00a0<a href=\"https:\/\/www.linkedin.com\/in\/florine-petit-5490b513a\/\">PETIT Florine<\/a><\/div>\n<div>\u00a0 \u00a0 \u00a0 \u00a0 \u00a0<a href=\"https:\/\/www.linkedin.com\/in\/guillaume-racle-7ba829b4\/\">RACLE Guillaume<\/a><\/div>\n<div>\u00a0 \u00a0 \u00a0 \u00a0\u00a0\u00a0RODRIGUEZ SUAREZ Ivonne Natalia<\/div>\n<div>\u00a0 \u00a0 \u00a0 \u00a0 \u00a0<a href=\"https:\/\/www.linkedin.com\/in\/h%C3%A9lo%C3%AFse-rure-a88a0b152\/\">RURE H\u00e9lo\u00efse<\/a><\/div>\n<div>\u00a0 \u00a0 \u00a0 \u00a0 \u00a0<a href=\"https:\/\/www.linkedin.com\/in\/louise-sorlin-083666134\/\">SORLIN Louise<\/a><\/div>\n<div>\u00a0 \u00a0 \u00a0 \u00a0 \u00a0<a href=\"https:\/\/www.linkedin.com\/in\/claratupinier\/\">TUPINIER Clara<\/a><\/div>\n<div>\u00a0 \u00a0 \u00a0 \u00a0 \u00a0<a href=\"https:\/\/www.linkedin.com\/in\/aur%C3%A9lien-weickert-905a96117\/\">WEICKERT Aur\u00e9lien<\/a><\/div>\n<div>\u00a0 \u00a0 \u00a0 \u00a0 \u00a0<a href=\"https:\/\/www.linkedin.com\/in\/mounia-zaki-449397109\/\">ZAKI Mounia<\/a><\/div>\n<div><\/div>\n<p>&nbsp;<\/p>\n<p>Le bureau de l&#8217;association est constitu\u00e9 comme suit :<\/p>\n<div>\n<div id=\"attachment_628\" style=\"width: 162px\" class=\"wp-caption alignleft\"><a href=\"http:\/\/blog.ube.fr\/master-ajai\/wp-content\/uploads\/sites\/93\/2017\/11\/Pre\u0301sidente.jpg\"><img loading=\"lazy\" decoding=\"async\" aria-describedby=\"caption-attachment-628\" class=\"wp-image-628\" src=\"http:\/\/blog.ube.fr\/master-ajai\/wp-content\/uploads\/sites\/93\/2017\/11\/Pre\u0301sidente-196x300.jpg\" alt=\"\" width=\"152\" height=\"232\" srcset=\"https:\/\/blog.ube.fr\/master-ajai\/wp-content\/uploads\/sites\/93\/2017\/11\/Pre\u0301sidente-196x300.jpg 196w, https:\/\/blog.ube.fr\/master-ajai\/wp-content\/uploads\/sites\/93\/2017\/11\/Pre\u0301sidente-768x1173.jpg 768w, https:\/\/blog.ube.fr\/master-ajai\/wp-content\/uploads\/sites\/93\/2017\/11\/Pre\u0301sidente-670x1024.jpg 670w, https:\/\/blog.ube.fr\/master-ajai\/wp-content\/uploads\/sites\/93\/2017\/11\/Pre\u0301sidente.jpg 1927w\" sizes=\"auto, (max-width: 152px) 100vw, 152px\" \/><\/a><p id=\"caption-attachment-628\" class=\"wp-caption-text\">Clara Tupinier<br \/> Pr\u00e9sidente<\/p><\/div>\n<\/div>\n<div><\/div>\n<div>\n<div id=\"attachment_633\" style=\"width: 211px\" class=\"wp-caption alignleft\"><a href=\"http:\/\/blog.ube.fr\/master-ajai\/wp-content\/uploads\/sites\/93\/2017\/11\/Vice-pre\u0301sidents.jpg\"><img loading=\"lazy\" decoding=\"async\" aria-describedby=\"caption-attachment-633\" class=\"wp-image-633 \" src=\"http:\/\/blog.ube.fr\/master-ajai\/wp-content\/uploads\/sites\/93\/2017\/11\/Vice-pre\u0301sidents-263x300.jpg\" alt=\"\" width=\"201\" height=\"229\" srcset=\"https:\/\/blog.ube.fr\/master-ajai\/wp-content\/uploads\/sites\/93\/2017\/11\/Vice-pre\u0301sidents-263x300.jpg 263w, https:\/\/blog.ube.fr\/master-ajai\/wp-content\/uploads\/sites\/93\/2017\/11\/Vice-pre\u0301sidents-768x877.jpg 768w, https:\/\/blog.ube.fr\/master-ajai\/wp-content\/uploads\/sites\/93\/2017\/11\/Vice-pre\u0301sidents-897x1024.jpg 897w\" sizes=\"auto, (max-width: 201px) 100vw, 201px\" \/><\/a><p id=\"caption-attachment-633\" class=\"wp-caption-text\">Isaac Arnoud et Guillaume Racle Vice-Pr\u00e9sidents<\/p><\/div>\n<div id=\"attachment_631\" style=\"width: 165px\" class=\"wp-caption alignleft\"><a href=\"http:\/\/blog.ube.fr\/master-ajai\/wp-content\/uploads\/sites\/93\/2017\/11\/Se\u0301cre\u0301taires.jpg\"><img loading=\"lazy\" decoding=\"async\" aria-describedby=\"caption-attachment-631\" class=\" wp-image-631\" src=\"http:\/\/blog.ube.fr\/master-ajai\/wp-content\/uploads\/sites\/93\/2017\/11\/Se\u0301cre\u0301taires-200x300.jpg\" alt=\"\" width=\"155\" height=\"233\" srcset=\"https:\/\/blog.ube.fr\/master-ajai\/wp-content\/uploads\/sites\/93\/2017\/11\/Se\u0301cre\u0301taires-200x300.jpg 200w, https:\/\/blog.ube.fr\/master-ajai\/wp-content\/uploads\/sites\/93\/2017\/11\/Se\u0301cre\u0301taires-768x1153.jpg 768w, https:\/\/blog.ube.fr\/master-ajai\/wp-content\/uploads\/sites\/93\/2017\/11\/Se\u0301cre\u0301taires-682x1024.jpg 682w, https:\/\/blog.ube.fr\/master-ajai\/wp-content\/uploads\/sites\/93\/2017\/11\/Se\u0301cre\u0301taires.jpg 1907w\" sizes=\"auto, (max-width: 155px) 100vw, 155px\" \/><\/a><p id=\"caption-attachment-631\" class=\"wp-caption-text\">Daria Buch et H\u00e9lo\u00efse Rure<br \/>Secr\u00e9taires<\/p><\/div>\n<\/div>\n<div>\n<div id=\"attachment_632\" style=\"width: 203px\" class=\"wp-caption alignleft\"><a href=\"http:\/\/blog.ube.fr\/master-ajai\/wp-content\/uploads\/sites\/93\/2017\/11\/Tre\u0301soriers.jpg\"><img loading=\"lazy\" decoding=\"async\" aria-describedby=\"caption-attachment-632\" class=\" wp-image-632\" src=\"http:\/\/blog.ube.fr\/master-ajai\/wp-content\/uploads\/sites\/93\/2017\/11\/Tre\u0301soriers-253x300.jpg\" alt=\"\" width=\"193\" height=\"228\" srcset=\"https:\/\/blog.ube.fr\/master-ajai\/wp-content\/uploads\/sites\/93\/2017\/11\/Tre\u0301soriers-253x300.jpg 253w, https:\/\/blog.ube.fr\/master-ajai\/wp-content\/uploads\/sites\/93\/2017\/11\/Tre\u0301soriers-768x912.jpg 768w, https:\/\/blog.ube.fr\/master-ajai\/wp-content\/uploads\/sites\/93\/2017\/11\/Tre\u0301soriers-862x1024.jpg 862w\" sizes=\"auto, (max-width: 193px) 100vw, 193px\" \/><\/a><p id=\"caption-attachment-632\" class=\"wp-caption-text\">Rapha\u00ebl Kubacki et Mounia Zaki<br \/>Tr\u00e9soriers<\/p><\/div>\n<\/div>\n<div>\n<div id=\"attachment_634\" style=\"width: 272px\" class=\"wp-caption alignleft\"><a href=\"http:\/\/blog.ube.fr\/master-ajai\/wp-content\/uploads\/sites\/93\/2017\/11\/Webmasters.jpg\"><img loading=\"lazy\" decoding=\"async\" aria-describedby=\"caption-attachment-634\" class=\" wp-image-634\" src=\"http:\/\/blog.ube.fr\/master-ajai\/wp-content\/uploads\/sites\/93\/2017\/11\/Webmasters-300x256.jpg\" alt=\"\" width=\"262\" height=\"224\" srcset=\"https:\/\/blog.ube.fr\/master-ajai\/wp-content\/uploads\/sites\/93\/2017\/11\/Webmasters-300x256.jpg 300w, https:\/\/blog.ube.fr\/master-ajai\/wp-content\/uploads\/sites\/93\/2017\/11\/Webmasters-768x654.jpg 768w, https:\/\/blog.ube.fr\/master-ajai\/wp-content\/uploads\/sites\/93\/2017\/11\/Webmasters-1024x872.jpg 1024w\" sizes=\"auto, (max-width: 262px) 100vw, 262px\" \/><\/a><p id=\"caption-attachment-634\" class=\"wp-caption-text\">Addi Mawaba, Amandine Drappier et Mouktar Dram\u00e9<\/p><\/div>\n<\/div>\n","protected":false},"excerpt":{"rendered":"<p>La promotion 2018 Laurence Ravillon La promotion 2017-2018 est compos\u00e9e de 19 \u00e9tudiants, fran\u00e7ais et \u00e9trangers : &nbsp; \u00a0 \u00a0 \u00a0 \u00a0 \u00a0ADDI Mawaba \u00a0 \u00a0 \u00a0 \u00a0 \u00a0ANDRE Valentin \u00a0 \u00a0 \u00a0 \u00a0\u00a0 ARNOUD Isaac \u00a0 \u00a0 \u00a0 \u00a0 \u00a0BUCH Daria \u00a0 \u00a0 \u00a0 \u00a0 \u00a0DIMITROV Dimitar \u00a0 \u00a0 \u00a0 \u00a0 \u00a0DRAME Mouktar \u00a0&hellip;<\/p>\n<p class=\"more-link-p\"><a class=\"btn btn-primary\" href=\"https:\/\/blog.ube.fr\/master-ajai\/blog\/promotion-2018-laurence-ravillon\/\">Voir plus &rarr;<\/a><\/p>\n","protected":false},"author":354,"featured_media":0,"comment_status":"closed","ping_status":"open","sticky":false,"template":"","format":"standard","meta":{"footnotes":""},"categories":[25],"tags":[26],"class_list":["post-851","post","type-post","status-publish","format-standard","hentry","category-actualites","tag-actualites"],"_links":{"self":[{"href":"https:\/\/blog.ube.fr\/master-ajai\/wp-json\/wp\/v2\/posts\/851","targetHints":{"allow":["GET"]}}],"collection":[{"href":"https:\/\/blog.ube.fr\/master-ajai\/wp-json\/wp\/v2\/posts"}],"about":[{"href":"https:\/\/blog.ube.fr\/master-ajai\/wp-json\/wp\/v2\/types\/post"}],"author":[{"embeddable":true,"href":"https:\/\/blog.ube.fr\/master-ajai\/wp-json\/wp\/v2\/users\/354"}],"replies":[{"embeddable":true,"href":"https:\/\/blog.ube.fr\/master-ajai\/wp-json\/wp\/v2\/comments?post=851"}],"version-history":[{"count":4,"href":"https:\/\/blog.ube.fr\/master-ajai\/wp-json\/wp\/v2\/posts\/851\/revisions"}],"predecessor-version":[{"id":1091,"href":"https:\/\/blog.ube.fr\/master-ajai\/wp-json\/wp\/v2\/posts\/851\/revisions\/1091"}],"wp:attachment":[{"href":"https:\/\/blog.ube.fr\/master-ajai\/wp-json\/wp\/v2\/media?parent=851"}],"wp:term":[{"taxonomy":"category","embeddable":true,"href":"https:\/\/blog.ube.fr\/master-ajai\/wp-json\/wp\/v2\/categories?post=851"},{"taxonomy":"post_tag","embeddable":true,"href":"https:\/\/blog.ube.fr\/master-ajai\/wp-json\/wp\/v2\/tags?post=851"}],"curies":[{"name":"wp","href":"https:\/\/api.w.org\/{rel}","templated":true}]}}