{"id":848,"date":"2017-10-20T11:57:07","date_gmt":"2017-10-20T10:57:07","guid":{"rendered":"http:\/\/blog.u-bourgogne.fr\/master-ajai\/?p=848"},"modified":"2017-12-16T15:46:45","modified_gmt":"2017-12-16T14:46:45","slug":"de-presidente-de-lajai","status":"publish","type":"post","link":"https:\/\/blog.ube.fr\/master-ajai\/blog\/de-presidente-de-lajai\/","title":{"rendered":"Le mot de la Pr\u00e9sidente de l&#8217;AJAI"},"content":{"rendered":"<h4>Bienvenue sur le site de l\u2019Association des Juristes d\u2019Affaires Internationales,<\/h4>\n<p>&nbsp;<\/p>\n<p style=\"text-align: justify\">Je suis heureuse de me pr\u00e9senter \u00e0 vous en tant que nouvelle Pr\u00e9sidente de l\u2019Association, reprenant le flambeau \u00e0 Mme Raquel Ferreira Gon\u00e7alves.<\/p>\n<p style=\"text-align: justify\">Cette ann\u00e9e, la promotion a \u00e9t\u00e9 nomm\u00e9e en hommage \u00e0 Mme Laurence Ravillon, ancienne directrice du Master, directrice du CREDIMI et doyenne de l\u2019UFR Droit, Sciences Economique et Politique, qui nous a malheureusement quitt\u00e9 cette ann\u00e9e. C\u2019est une perte douloureusement ressentie par la Facult\u00e9 et une peine encore plus grande pour ceux qui ont eu la chance de la c\u00f4toyer. Aussi, nous aurons \u00e0 c\u0153ur, tout au long de cette ann\u00e9e universitaire, de faire honneur \u00e0 sa m\u00e9moire, \u00e0 son d\u00e9vouement \u00e0 l\u2019\u00e9gard de ses \u00e9tudiants et \u00e0 son engagement au sein du Master.<\/p>\n<p>&nbsp;<\/p>\n<p style=\"text-align: justify\">L\u2019Association regroupant des \u00e9tudiants du Master II Juristes d\u2019Affaires Internationales de l\u2019Universit\u00e9 de Bourgogne a \u00e9t\u00e9 et est un outil de promotion du master ainsi que de contact entre les \u00e9tudiants de la promotion actuelle et les dipl\u00f4m\u00e9s. Pour cela des \u00e9v\u00e8nements sont organis\u00e9s avec la participation d\u2019anciens et de nouveaux \u00e9tudiants.<\/p>\n<p style=\"text-align: justify\">Tout d\u2019abord, un diner des anciens sera organis\u00e9 \u00e0 Paris le 2 f\u00e9vrier 2018. De plus, lors de la Journ\u00e9e Des M\u00e9tiers qui aura lieu le 12 janvier 2018 diff\u00e9rents praticiens du droit issus du M2 viendront \u00e0 la rencontre des \u00e9tudiants pour pr\u00e9senter les d\u00e9bouch\u00e9s d\u2019un master en droit international des affaires. Nous esp\u00e9rons vous y voir nombreux\u00a0!<\/p>\n<p style=\"text-align: justify\">En outre, certains \u00e9tudiants participent au concours de plaidoirie de Vienne (Willem C. Vis International Commercial Arbitration Moot) et \u00e9galement aux Entrepreneuriales, un projet de cr\u00e9ation d\u2019entreprise fictive qui regroupe des \u00e9tudiants de diff\u00e9rentes fili\u00e8res.<\/p>\n<p>&nbsp;<\/p>\n<p style=\"text-align: justify\">Ainsi, j\u2019ai le plaisir de vous pr\u00e9senter la\u00a0<a href=\"http:\/\/blog.ube.fr\/master-ajai\/2017-2018\/\">Promotion 2017-2018<\/a><a href=\"http:\/\/blog.ube.fr\/master-ajai\/2017-2018\/\">\u00a0Laurence Ravillon<\/a>, que vous aurez l\u2019occasion de rencontrer durant les diff\u00e9rents \u00e9v\u00e8nements organis\u00e9s par l\u2019Association :<\/p>\n<div>\n<div>\u00a0 \u00a0 \u00a0 \u00a0 \u00a0<a href=\"https:\/\/www.linkedin.com\/in\/mawaba-addi-675087121\">ADDI Mawaba<\/a><\/div>\n<div>\u00a0 \u00a0 \u00a0 \u00a0 \u00a0<a href=\"https:\/\/www.linkedin.com\/in\/valentin-andr%C3%A9-8448a49b\/\">ANDRE Valentin<\/a><\/div>\n<div>\u00a0 \u00a0 \u00a0 \u00a0<a href=\"https:\/\/www.linkedin.com\/in\/isaac-arnoud-b7ba3bb7\/\">\u00a0 ARNOUD Isaac<\/a><\/div>\n<div>\u00a0 \u00a0 \u00a0 \u00a0 \u00a0<a href=\"https:\/\/www.linkedin.com\/in\/daria-buch-27a55985\/\">BUCH Daria<\/a><\/div>\n<div>\u00a0 \u00a0 \u00a0 \u00a0 \u00a0<a href=\"https:\/\/www.linkedin.com\/in\/dimitar-dimitrov-536102149\/\">DIMITROV Dimitar<\/a><\/div>\n<div>\u00a0 \u00a0 \u00a0 \u00a0 \u00a0<a href=\"https:\/\/www.linkedin.com\/in\/mouktar-drame-7728a8133\/\">DRAME Mouktar<\/a><\/div>\n<div>\u00a0 \u00a0 \u00a0 \u00a0\u00a0\u00a0<a href=\"https:\/\/www.linkedin.com\/in\/amandine-drappier-a04b52b3\/\">DRAPPIER Amandine<\/a><\/div>\n<div>\u00a0 \u00a0 \u00a0 \u00a0 \u00a0<a href=\"https:\/\/www.linkedin.com\/in\/raphael-kubacki-a64739150\/\">KUBACKI Rapha\u00ebl<\/a><\/div>\n<div>\u00a0 \u00a0 \u00a0 \u00a0 \u00a0<a href=\"https:\/\/www.linkedin.com\/in\/karen-loutfi-999b02152\/\">LOUTFI Karen<\/a><\/div>\n<div>\u00a0 \u00a0 \u00a0 \u00a0 \u00a0<a href=\"https:\/\/www.linkedin.com\/in\/sma%C3%AFl-merkati-3a2860152\/\">MERKATI Sma\u00efl<\/a><\/div>\n<div>\u00a0 \u00a0 \u00a0 \u00a0 \u00a0<a href=\"https:\/\/www.linkedin.com\/in\/victoria-ortega-280396129\/\">ORTEGA Victoria<\/a><\/div>\n<div>\u00a0 \u00a0 \u00a0 \u00a0 \u00a0<a href=\"https:\/\/www.linkedin.com\/in\/florine-petit-5490b513a\/\">PETIT Florine<\/a><\/div>\n<div>\u00a0 \u00a0 \u00a0 \u00a0 \u00a0<a href=\"https:\/\/www.linkedin.com\/in\/guillaume-racle-7ba829b4\/\">RACLE Guillaume<\/a><\/div>\n<div>\u00a0 \u00a0 \u00a0 \u00a0\u00a0\u00a0RODRIGUEZ SUAREZ Ivonne Natalia<\/div>\n<div>\u00a0 \u00a0 \u00a0 \u00a0 \u00a0<a href=\"https:\/\/www.linkedin.com\/in\/h%C3%A9lo%C3%AFse-rure-a88a0b152\/\">RURE H\u00e9lo\u00efse<\/a><\/div>\n<div>\u00a0 \u00a0 \u00a0 \u00a0 \u00a0<a href=\"https:\/\/www.linkedin.com\/in\/louise-sorlin-083666134\/\">SORLIN Louise<\/a><\/div>\n<div>\u00a0 \u00a0 \u00a0 \u00a0 \u00a0<a href=\"https:\/\/www.linkedin.com\/in\/claratupinier\/\">TUPINIER Clara<\/a><\/div>\n<div>\u00a0 \u00a0 \u00a0 \u00a0 \u00a0<a href=\"https:\/\/www.linkedin.com\/in\/aur%C3%A9lien-weickert-905a96117\/\">WEICKERT Aur\u00e9lien<\/a><\/div>\n<div>\u00a0 \u00a0 \u00a0 \u00a0 \u00a0<a href=\"https:\/\/www.linkedin.com\/in\/mounia-zaki-449397109\/\">ZAKI Mounia<\/a><\/div>\n<\/div>\n<p>&nbsp;<\/p>\n<p style=\"text-align: justify\">Nous serions heureux de r\u00e9pondre \u00e0 vos questions \u00e9ventuelles, que vous pouvez adresser \u00e0 l\u2019adresse suivante\u00a0:\u00a0<a href=\"mailto:ajai.ubourgogne@gmail.com\"><strong>ajai.ubourgogne@gmail.com<\/strong><\/a><\/p>\n<p>&nbsp;<\/p>\n<p>Au plaisir de vous rencontrer,<\/p>\n<p>Clara Tupinier<\/p>\n<p>Pr\u00e9sidente de l\u2019AJAI<\/p>\n","protected":false},"excerpt":{"rendered":"<p>Bienvenue sur le site de l\u2019Association des Juristes d\u2019Affaires Internationales, &nbsp; Je suis heureuse de me pr\u00e9senter \u00e0 vous en tant que nouvelle Pr\u00e9sidente de l\u2019Association, reprenant le flambeau \u00e0 Mme Raquel Ferreira Gon\u00e7alves. Cette ann\u00e9e, la promotion a \u00e9t\u00e9 nomm\u00e9e en hommage \u00e0 Mme Laurence Ravillon, ancienne directrice du Master, directrice du CREDIMI et&hellip;<\/p>\n<p class=\"more-link-p\"><a class=\"btn btn-primary\" href=\"https:\/\/blog.ube.fr\/master-ajai\/blog\/de-presidente-de-lajai\/\">Voir plus &rarr;<\/a><\/p>\n","protected":false},"author":354,"featured_media":0,"comment_status":"closed","ping_status":"open","sticky":false,"template":"","format":"standard","meta":{"footnotes":""},"categories":[25],"tags":[26],"class_list":["post-848","post","type-post","status-publish","format-standard","hentry","category-actualites","tag-actualites"],"_links":{"self":[{"href":"https:\/\/blog.ube.fr\/master-ajai\/wp-json\/wp\/v2\/posts\/848","targetHints":{"allow":["GET"]}}],"collection":[{"href":"https:\/\/blog.ube.fr\/master-ajai\/wp-json\/wp\/v2\/posts"}],"about":[{"href":"https:\/\/blog.ube.fr\/master-ajai\/wp-json\/wp\/v2\/types\/post"}],"author":[{"embeddable":true,"href":"https:\/\/blog.ube.fr\/master-ajai\/wp-json\/wp\/v2\/users\/354"}],"replies":[{"embeddable":true,"href":"https:\/\/blog.ube.fr\/master-ajai\/wp-json\/wp\/v2\/comments?post=848"}],"version-history":[{"count":7,"href":"https:\/\/blog.ube.fr\/master-ajai\/wp-json\/wp\/v2\/posts\/848\/revisions"}],"predecessor-version":[{"id":1092,"href":"https:\/\/blog.ube.fr\/master-ajai\/wp-json\/wp\/v2\/posts\/848\/revisions\/1092"}],"wp:attachment":[{"href":"https:\/\/blog.ube.fr\/master-ajai\/wp-json\/wp\/v2\/media?parent=848"}],"wp:term":[{"taxonomy":"category","embeddable":true,"href":"https:\/\/blog.ube.fr\/master-ajai\/wp-json\/wp\/v2\/categories?post=848"},{"taxonomy":"post_tag","embeddable":true,"href":"https:\/\/blog.ube.fr\/master-ajai\/wp-json\/wp\/v2\/tags?post=848"}],"curies":[{"name":"wp","href":"https:\/\/api.w.org\/{rel}","templated":true}]}}