{"id":1463,"date":"2020-01-21T20:00:26","date_gmt":"2020-01-21T19:00:26","guid":{"rendered":"http:\/\/blog.u-bourgogne.fr\/master-ajai\/?p=1463"},"modified":"2020-05-18T08:39:56","modified_gmt":"2020-05-18T07:39:56","slug":"__trashed","status":"publish","type":"post","link":"https:\/\/blog.ube.fr\/master-ajai\/blog\/__trashed\/","title":{"rendered":"Promotion 2020"},"content":{"rendered":"<p>La nouvelle promotion 2019-2020 Sir Elihu Lauterpacht fusionne\u00a0pour la premi\u00e8re fois cette ann\u00e9e les parcours stage, alternance et recherche. Elle compte 28 \u00e9tudiants venus du monde entier :<\/p>\n<p>&nbsp;<\/p>\n<p><a href=\"http:\/\/blog.ube.fr\/master-ajai\/wp-content\/uploads\/sites\/93\/2020\/01\/IMG_5723-1.jpg\"><img loading=\"lazy\" decoding=\"async\" class=\"alignnone size-full wp-image-1477\" src=\"http:\/\/blog.ube.fr\/master-ajai\/wp-content\/uploads\/sites\/93\/2020\/01\/IMG_5723-1.jpg\" alt=\"\" width=\"1024\" height=\"648\" srcset=\"https:\/\/blog.ube.fr\/master-ajai\/wp-content\/uploads\/sites\/93\/2020\/01\/IMG_5723-1.jpg 1024w, https:\/\/blog.ube.fr\/master-ajai\/wp-content\/uploads\/sites\/93\/2020\/01\/IMG_5723-1-300x190.jpg 300w, https:\/\/blog.ube.fr\/master-ajai\/wp-content\/uploads\/sites\/93\/2020\/01\/IMG_5723-1-768x486.jpg 768w\" sizes=\"auto, (max-width: 1024px) 100vw, 1024px\" \/><\/a><\/p>\n<p>&nbsp;<\/p>\n<ol>\n<li><a href=\"https:\/\/www.linkedin.com\/in\/anissa-aaziz-322442146\/\">Anissa AAZIZ<\/a><\/li>\n<li><a href=\"https:\/\/www.linkedin.com\/in\/jean-baptiste-ama-387424158\/\">Jean-Baptiste AMA<\/a><\/li>\n<li><a href=\"http:\/\/linkedin.com\/in\/zineb-amelhay-939817196\">Zineb AMELHAY <\/a><\/li>\n<li>Najib AMMARI<\/li>\n<li><a href=\"http:\/\/linkedin.com\/in\/antoine-aubertin-579535187\">Antoine AUBERTIN <\/a><\/li>\n<li><a href=\"https:\/\/www.linkedin.com\/in\/emmanuelle-banzounguidi-786767176\/\">Emmanuelle BANZOUNGUIDI <\/a><\/li>\n<li><a href=\"https:\/\/www.linkedin.com\/in\/kristie-bardanyan-8a4294132\">Kristie BARDANYAN <\/a><\/li>\n<li><a href=\"https:\/\/www.linkedin.com\/in\/dounia-bencherki-76a10015a\">Dounia BENCHERKI<\/a><\/li>\n<li><a href=\"https:\/\/www.linkedin.com\/in\/oph\u00e9lie-chaize-5448b4139\/\">Oph\u00e9lie CHAIZE <\/a><\/li>\n<li><a href=\"https:\/\/www.linkedin.com\/in\/ines-cherifi-juristedroitdesaffaires\/\">Ines CHERIFI<\/a><\/li>\n<li><a href=\"https:\/\/www.linkedin.com\/in\/sophia-combreau-048145165\/\">Sophia COMBREAU<\/a><\/li>\n<li>Marie-Laure DEGEZ<\/li>\n<li><a href=\"https:\/\/www.linkedin.com\/in\/djemiwilson\/\">Wilson DJEMI <\/a><\/li>\n<li><a href=\"https:\/\/www.linkedin.com\/in\/anthony-emilio-384b27155\">Anthony EMILIO <\/a><\/li>\n<li><a href=\"https:\/\/www.linkedin.com\/in\/chlo\u00e9-gaye-73961517a\/\">Chlo\u00e9 GAYE <\/a><\/li>\n<li><a href=\"https:\/\/www.linkedin.com\/in\/jaouad-jbali\/\">Jaouad JBALI<\/a><\/li>\n<li>Anya KEMKEM<\/li>\n<li><a href=\"https:\/\/www.linkedin.com\/in\/valentin-klakosz-967b07183\/\">Valentin KLAKOSZ<\/a><\/li>\n<li><a href=\"http:\/\/linkedin.com\/in\/carmen-lasme-368b7a80\">Carmen LASME<\/a><\/li>\n<li><a href=\"http:\/\/linkedin.com\/in\/mathilde-lefevre-2021b7195\">Mathilde LEFEVRE <\/a><\/li>\n<li><a href=\"https:\/\/www.linkedin.com\/in\/andr\u00e9a-lobaton-abb552167\/\">Andr\u00e9a LOBATON<\/a><\/li>\n<li>Julie MOREAU<\/li>\n<li><a href=\"https:\/\/www.linkedin.com\/in\/isma\u00ebl-bena\u00efssa-ouedraogo-8a4735153\/\">Isma\u00ebl Bena\u00efssa OUEDRAOGO<\/a><\/li>\n<li>Chiraz OUELHAZI<\/li>\n<li><a href=\"https:\/\/www.linkedin.com\/in\/victorplonka\/\">Victor PLONKA <\/a><\/li>\n<li>Guillaume SANCHEZ<\/li>\n<li><a href=\"https:\/\/www.linkedin.com\/in\/cl\u00e9mence-viennet-404853194\/\">Cl\u00e9mence VIENNET <\/a><\/li>\n<li>Oriane WEBER<\/li>\n<\/ol>\n","protected":false},"excerpt":{"rendered":"<p>La nouvelle promotion 2019-2020 Sir Elihu Lauterpacht fusionne\u00a0pour la premi\u00e8re fois cette ann\u00e9e les parcours stage, alternance et recherche. Elle compte 28 \u00e9tudiants venus du monde entier : &nbsp; &nbsp; Anissa AAZIZ Jean-Baptiste AMA Zineb AMELHAY Najib AMMARI Antoine AUBERTIN Emmanuelle BANZOUNGUIDI Kristie BARDANYAN Dounia BENCHERKI Oph\u00e9lie CHAIZE Ines CHERIFI Sophia COMBREAU Marie-Laure DEGEZ Wilson&hellip;<\/p>\n<p class=\"more-link-p\"><a class=\"btn btn-primary\" href=\"https:\/\/blog.ube.fr\/master-ajai\/blog\/__trashed\/\">Voir plus &rarr;<\/a><\/p>\n","protected":false},"author":1678,"featured_media":0,"comment_status":"closed","ping_status":"open","sticky":false,"template":"","format":"standard","meta":{"footnotes":""},"categories":[25],"tags":[],"class_list":["post-1463","post","type-post","status-publish","format-standard","hentry","category-actualites"],"_links":{"self":[{"href":"https:\/\/blog.ube.fr\/master-ajai\/wp-json\/wp\/v2\/posts\/1463","targetHints":{"allow":["GET"]}}],"collection":[{"href":"https:\/\/blog.ube.fr\/master-ajai\/wp-json\/wp\/v2\/posts"}],"about":[{"href":"https:\/\/blog.ube.fr\/master-ajai\/wp-json\/wp\/v2\/types\/post"}],"author":[{"embeddable":true,"href":"https:\/\/blog.ube.fr\/master-ajai\/wp-json\/wp\/v2\/users\/1678"}],"replies":[{"embeddable":true,"href":"https:\/\/blog.ube.fr\/master-ajai\/wp-json\/wp\/v2\/comments?post=1463"}],"version-history":[{"count":9,"href":"https:\/\/blog.ube.fr\/master-ajai\/wp-json\/wp\/v2\/posts\/1463\/revisions"}],"predecessor-version":[{"id":1542,"href":"https:\/\/blog.ube.fr\/master-ajai\/wp-json\/wp\/v2\/posts\/1463\/revisions\/1542"}],"wp:attachment":[{"href":"https:\/\/blog.ube.fr\/master-ajai\/wp-json\/wp\/v2\/media?parent=1463"}],"wp:term":[{"taxonomy":"category","embeddable":true,"href":"https:\/\/blog.ube.fr\/master-ajai\/wp-json\/wp\/v2\/categories?post=1463"},{"taxonomy":"post_tag","embeddable":true,"href":"https:\/\/blog.ube.fr\/master-ajai\/wp-json\/wp\/v2\/tags?post=1463"}],"curies":[{"name":"wp","href":"https:\/\/api.w.org\/{rel}","templated":true}]}}