{"id":1327,"date":"2018-03-30T11:18:29","date_gmt":"2018-03-30T10:18:29","guid":{"rendered":"http:\/\/blog.u-bourgogne.fr\/master-ajai\/?p=1327"},"modified":"2020-02-08T14:05:38","modified_gmt":"2020-02-08T13:05:38","slug":"lajai-willem-c-vis-arbitration-moot-de-vienne","status":"publish","type":"post","link":"https:\/\/blog.ube.fr\/master-ajai\/blog\/lajai-willem-c-vis-arbitration-moot-de-vienne\/","title":{"rendered":"L&#8217;AJAI au Willem C. Vis Arbitration Moot de Vienne"},"content":{"rendered":"<p><a href=\"http:\/\/blog.ube.fr\/master-ajai\/wp-content\/uploads\/sites\/93\/2018\/03\/Moot-de-Vienne.jpeg\"><img loading=\"lazy\" decoding=\"async\" class=\"aligncenter wp-image-1340\" src=\"http:\/\/blog.ube.fr\/master-ajai\/wp-content\/uploads\/sites\/93\/2018\/03\/Moot-de-Vienne-1024x768.jpeg\" alt=\"\" width=\"800\" height=\"600\" srcset=\"https:\/\/blog.ube.fr\/master-ajai\/wp-content\/uploads\/sites\/93\/2018\/03\/Moot-de-Vienne-1024x768.jpeg 1024w, https:\/\/blog.ube.fr\/master-ajai\/wp-content\/uploads\/sites\/93\/2018\/03\/Moot-de-Vienne-300x225.jpeg 300w, https:\/\/blog.ube.fr\/master-ajai\/wp-content\/uploads\/sites\/93\/2018\/03\/Moot-de-Vienne-768x576.jpeg 768w, https:\/\/blog.ube.fr\/master-ajai\/wp-content\/uploads\/sites\/93\/2018\/03\/Moot-de-Vienne.jpeg 1600w\" sizes=\"auto, (max-width: 800px) 100vw, 800px\" \/><\/a><\/p>\n<p>&nbsp;<\/p>\n<blockquote><p>Une \u00e9quipe d&#8217;\u00e9tudiants de la Facult\u00e9 de droit a particip\u00e9 du 23 au 29 mars 2018 au 25<sup>\u00e8me<\/sup> Concours International d<span style=\"font-size: 16px\">&#8216;Arbitrage Commercial Willem C. Vis, o\u00f9 ils ont fi\u00e8rement repr\u00e9sent\u00e9 l&#8217;Universit\u00e9 de Bourgogne ainsi que l&#8217;AJAI.<\/span><\/p>\n<p>Le \u00ab Williem C. Vis International Commercial Arbitration Moot \u00bb est un prestigieux concours de droit priv\u00e9 qui se tient annuellement \u00e0 Vienne. Le concours implique un diff\u00e9rend commercial transfrontalier fictif p<span style=\"font-size: 16px\">ortant sur des probl\u00e9matiques d\u2019arbitrage et de commerce international.<\/span><\/p>\n<p>Ce concours s&#8217;est d\u00e9roul\u00e9 en deux \u00e9tapes, enti\u00e8rement en anglais :<\/p>\n<ul>\n<li>Une phase \u00e9crite qui a consist\u00e9 en la\u00a0r\u00e9daction de deux m\u00e9moires<strong>\u00a0<\/strong>(un en demande, l&#8217;autre en d\u00e9fense) sur la base d&#8217;un cas pratique donn\u00e9 par le centre organisateur de Vienne.<\/li>\n<li>Une phase orale qui s&#8217;est d\u00e9roul\u00e9e pendant une semaine \u00e0 Vienne o\u00f9 les \u00e9quipes issues d&#8217;universit\u00e9s du monde entier se sont affrontent lors de\u00a0plaidoiries orales.<\/li>\n<\/ul>\n<p>L&#8217;\u00e9quipe de cette ann\u00e9e, \u00e9tait compos\u00e9e de cinq \u00e9tudiants du M2 Juristes d&#8217;affaires internationales \u00e0 savoir <a href=\"https:\/\/www.linkedin.com\/in\/isaac-arnoud-b7ba3bb7\/\">Issac Arnoud<\/a>, <a href=\"https:\/\/www.linkedin.com\/in\/daria-buch-27a55985\/\">Daria Buch<\/a>, <a href=\"https:\/\/www.linkedin.com\/in\/guillaume-racle-7ba829b4\/\">Guillaume Racle<\/a>, <a href=\"https:\/\/www.linkedin.com\/in\/louise-sorlin-083666134\/\">Louise Sorlin<\/a> et <a href=\"https:\/\/www.linkedin.com\/in\/aur%C3%A9lien-weickert-905a96117\/\">Aur\u00e9lien Weickert<\/a> ainsi que d&#8217;un \u00e9tudiant du M2 Droit des affaires internes et internationales Omar Al Farouk Touati.<\/p>\n<p>Exp\u00e9rience originale pour les \u00e9tudiants, la participation au Vis Moot de Vienne a \u00e9t\u00e9 l&#8217;occasion pour eux de s&#8217;impliquer pleinement au sein d&#8217;une \u00e9quipe afin de repr\u00e9senter l&#8217;Universit\u00e9 de la meilleure des mani\u00e8res. Par ailleurs, la pr\u00e9paration du Moot a n\u00e9cessit\u00e9 un grand investissement \u00e0 savoir pr\u00e8s de six mois de pr\u00e9paration intensive sur le temps libre des \u00e9tudiants avec comme point d&#8217;orgue cette semaine \u00e0 Vienne qui leur a permis de se confronter \u00e0 d&#8217;autres \u00e9quipes.<\/p>\n<p>Entre discussions et d\u00e9bats post<span style=\"font-size: 16px\">-plaidoiries, les \u00e9tudiants ont pu \u00e9changer avec les professionnels et les autres participants, d\u00e9couvrant ainsi l\u2019arbitrage et le contentieux international en pratique. L\u2019exp\u00e9rience a \u00e9t\u00e9 unique et les \u00e9tudiants, fiers du travail accompli.\u00a0<\/span><\/p>\n<p>L&#8217;AJAI les remercie chaleureusement.<\/p><\/blockquote>\n<p>&nbsp;<\/p>\n<p>Vous pouvez en savoir plus sur le concours d&#8217;arbitrage commercial international Willem C. Vis sur leur <a href=\"https:\/\/vismoot.pace.edu\/\">site Web<\/a>.<\/p>\n<p style=\"text-align: center\">\n","protected":false},"excerpt":{"rendered":"<p>&nbsp; Une \u00e9quipe d&#8217;\u00e9tudiants de la Facult\u00e9 de droit a particip\u00e9 du 23 au 29 mars 2018 au 25\u00e8me Concours International d&#8216;Arbitrage Commercial Willem C. Vis, o\u00f9 ils ont fi\u00e8rement repr\u00e9sent\u00e9 l&#8217;Universit\u00e9 de Bourgogne ainsi que l&#8217;AJAI. Le \u00ab Williem C. Vis International Commercial Arbitration Moot \u00bb est un prestigieux concours de droit priv\u00e9 qui&hellip;<\/p>\n<p class=\"more-link-p\"><a class=\"btn btn-primary\" href=\"https:\/\/blog.ube.fr\/master-ajai\/blog\/lajai-willem-c-vis-arbitration-moot-de-vienne\/\">Voir plus &rarr;<\/a><\/p>\n","protected":false},"author":355,"featured_media":0,"comment_status":"closed","ping_status":"open","sticky":false,"template":"","format":"standard","meta":{"footnotes":""},"categories":[25],"tags":[26],"class_list":["post-1327","post","type-post","status-publish","format-standard","hentry","category-actualites","tag-actualites"],"_links":{"self":[{"href":"https:\/\/blog.ube.fr\/master-ajai\/wp-json\/wp\/v2\/posts\/1327","targetHints":{"allow":["GET"]}}],"collection":[{"href":"https:\/\/blog.ube.fr\/master-ajai\/wp-json\/wp\/v2\/posts"}],"about":[{"href":"https:\/\/blog.ube.fr\/master-ajai\/wp-json\/wp\/v2\/types\/post"}],"author":[{"embeddable":true,"href":"https:\/\/blog.ube.fr\/master-ajai\/wp-json\/wp\/v2\/users\/355"}],"replies":[{"embeddable":true,"href":"https:\/\/blog.ube.fr\/master-ajai\/wp-json\/wp\/v2\/comments?post=1327"}],"version-history":[{"count":19,"href":"https:\/\/blog.ube.fr\/master-ajai\/wp-json\/wp\/v2\/posts\/1327\/revisions"}],"predecessor-version":[{"id":1558,"href":"https:\/\/blog.ube.fr\/master-ajai\/wp-json\/wp\/v2\/posts\/1327\/revisions\/1558"}],"wp:attachment":[{"href":"https:\/\/blog.ube.fr\/master-ajai\/wp-json\/wp\/v2\/media?parent=1327"}],"wp:term":[{"taxonomy":"category","embeddable":true,"href":"https:\/\/blog.ube.fr\/master-ajai\/wp-json\/wp\/v2\/categories?post=1327"},{"taxonomy":"post_tag","embeddable":true,"href":"https:\/\/blog.ube.fr\/master-ajai\/wp-json\/wp\/v2\/tags?post=1327"}],"curies":[{"name":"wp","href":"https:\/\/api.w.org\/{rel}","templated":true}]}}