{"id":1101,"date":"2018-01-04T09:49:16","date_gmt":"2018-01-04T08:49:16","guid":{"rendered":"http:\/\/blog.u-bourgogne.fr\/master-ajai\/?p=1101"},"modified":"2018-01-05T10:05:46","modified_gmt":"2018-01-05T09:05:46","slug":"intervenants-journee-metiers-2018","status":"publish","type":"post","link":"https:\/\/blog.ube.fr\/master-ajai\/blog\/intervenants-journee-metiers-2018\/","title":{"rendered":"Intervenants \u00e0 la Journ\u00e9e des M\u00e9tiers 2018"},"content":{"rendered":"<p>&nbsp;<\/p>\n<p style=\"padding-left: 30px\">L&#8217;AJAI est fi\u00e8re de vous pr\u00e9senter les intervenants qui nous feront l&#8217;honneur d&#8217;\u00eatre pr\u00e9sents \u00e0 la Journ\u00e9e des m\u00e9tiers du Droit des affaires internationales qui se d\u00e9roulera le <strong>Vendredi 12 Janvier de 10 heures \u00e0 18 heures en Salle du conseil de Droit<\/strong> :<\/p>\n<p>&nbsp;<\/p>\n<blockquote><p><strong>Aleksandar Ivanov\u00a0<\/strong>&#8211; Juriste international &#8211; <em>Euler Herm\u00e8s Assurance<\/em> &#8211; Paris\u00a0 \u00a0 \u00a0 \u00a0 \u00a0 \u00a0 \u00a0 \u00a0 \u00a0 \u00a0 \u00a0 \u00a0 \u00a0 \u00a0 \u00a0 \u00a0 \u00a0 \u00a0 \u00a0 \u00a0<img loading=\"lazy\" decoding=\"async\" class=\"alignright\" src=\"https:\/\/paris.numa.co\/wp-content\/uploads\/sites\/2\/2017\/09\/euler-hermes-logo-and-strapline-rgb.png\" width=\"111\" height=\"27\" \/><\/p>\n<p>&nbsp;<\/p>\n<p><strong>Aliz\u00e9 Bonfils<\/strong> &#8211; Juriste \/ doctorante &#8211; <em>Adwen france SAS (\u00e9nergie renouvelable)<\/em> &#8211; Paris\u00a0 \u00a0 \u00a0 \u00a0 \u00a0 \u00a0 \u00a0 \u00a0 \u00a0 \u00a0 \u00a0<img loading=\"lazy\" decoding=\"async\" class=\"alignright\" src=\"https:\/\/www.ccirezo-normandie.fr\/sites\/default\/files\/adwen_0.jpg\" width=\"110\" height=\"37\" \/>\u00a0 \u00a0 \u00a0 \u00a0 \u00a0 \u00a0 \u00a0 \u00a0 \u00a0 \u00a0 \u00a0 \u00a0 \u00a0 \u00a0 \u00a0 \u00a0 \u00a0 \u00a0 \u00a0 \u00a0 \u00a0 \u00a0 \u00a0 \u00a0 \u00a0 \u00a0 \u00a0 \u00a0 \u00a0 \u00a0 \u00a0 \u00a0 \u00a0 \u00a0 \u00a0 Ancienne \u00e9tudiante du L.L.M Anglia Ruskin &#8211; Cambridge<\/p>\n<p>&nbsp;<\/p>\n<p><strong>Anthony Tremblier<\/strong> &#8211; Senior Tax Manager &#8211; <em>Deloitte (cabinet d\u2019audit)<\/em> &#8211; Luxembourg\u00a0 \u00a0 \u00a0 \u00a0 \u00a0 \u00a0 \u00a0 \u00a0 \u00a0 \u00a0 \u00a0 \u00a0 \u00a0<img loading=\"lazy\" decoding=\"async\" class=\"alignright\" src=\"https:\/\/upload.wikimedia.org\/wikipedia\/commons\/thumb\/5\/56\/Deloitte.svg\/2000px-Deloitte.svg.png\" width=\"111\" height=\"24\" \/><\/p>\n<p>&nbsp;<\/p>\n<p><img loading=\"lazy\" decoding=\"async\" class=\"alignright\" src=\"http:\/\/www.artema-france.org\/wp-content\/uploads\/2016\/06\/logo-CETIM.jpg\" width=\"75\" height=\"44\" \/><\/p>\n<p><strong>Arthur LABAT<\/strong> &#8211; Juriste &#8211; <em>CETIM (Centre Technique des Industries M\u00e9caniques)<\/em> &#8211; Chantilly<\/p>\n<p>&nbsp;<\/p>\n<p><strong>Aymerick Jantet<\/strong> &#8211; Etudiant &#8211; <em>EFB (\u00c9cole de Formation du Barreau)<\/em> &#8211; Paris\u00a0<img loading=\"lazy\" decoding=\"async\" class=\"alignright\" src=\"http:\/\/www.efb.fr\/images_spaw\/polaroid\/2017032114571040ae51-Logo_EFB_petit-384x390.jpg\" width=\"69\" height=\"69\" \/>\u00a0 \u00a0 \u00a0 \u00a0 \u00a0 \u00a0 \u00a0 \u00a0 \u00a0 \u00a0 \u00a0 \u00a0 \u00a0 \u00a0 \u00a0 \u00a0 \u00a0 \u00a0 \u00a0 \u00a0 \u00a0 \u00a0 \u00a0 \u00a0 \u00a0 \u00a0 \u00a0 \u00a0 \u00a0 \u00a0 \u00a0 \u00a0 \u00a0 \u00a0 \u00a0 \u00a0 \u00a0 \u00a0 \u00a0 \u00a0 \u00a0 \u00a0 \u00a0 \u00a0 \u00a0 \u00a0 \u00a0 \u00a0 \u00a0 \u00a0 \u00a0 \u00a0 \u00a0 \u00a0 \u00a0 \u00a0 \u00a0 \u00a0 \u00a0 \u00a0 Ancien \u00e9tudiant du L.L.M Anglia Ruskin &#8211; Cambridge<\/p>\n<p>&nbsp;<\/p>\n<p><strong>Isabelle de Blic-Hamon<\/strong> &#8211; Senior legal counsel (Propri\u00e9t\u00e9 Intellectuelle) &#8211; <em>Nestl\u00e9<\/em> &#8211; Vevey (Suisse)\u00a0 <img loading=\"lazy\" decoding=\"async\" class=\"alignright\" src=\"https:\/\/upload.wikimedia.org\/wikipedia\/fr\/thumb\/8\/8a\/Logo_Nestle.svg\/1280px-Logo_Nestle.svg.png\" alt=\"\" width=\"112\" height=\"32\" \/><\/p>\n<p>&nbsp;<\/p>\n<p><strong>Khalid El Hanbali<\/strong> &#8211; Directeur juridique et contractuel &#8211; <em>Vestas (\u00e9nergie renouvelable)<\/em> &#8211; Paris\u00a0 \u00a0\u00a0<img loading=\"lazy\" decoding=\"async\" class=\"alignright\" src=\"https:\/\/www.tibco.com\/sites\/tibco\/files\/2016-12\/Vestas%20Logo_color%20%281%29_0.png\" alt=\"\" width=\"108\" height=\"20\" \/><\/p>\n<p>&nbsp;<\/p>\n<p><img loading=\"lazy\" decoding=\"async\" class=\"alignright\" style=\"font-style: normal;font-weight: 400;font-family: Times;font-size: 16px\" src=\"http:\/\/www.legal500.fr\/assets\/office_logo\/17165.jpg\" alt=\"\" width=\"65\" height=\"47\" \/><\/p>\n<p><strong>Maran Konta<\/strong> &#8211; Stagiaire en arbitrage &#8211; <em>Cabinet Orrick Rambaud Martel (arbitrage international)<\/em> &#8211; Paris<\/p>\n<p>&nbsp;<\/p>\n<p><strong>Marie-Ga\u00eblle Deguines-Frappat<\/strong> &#8211; Avocate &#8211; <em>Barreau de Dijon (sp\u00e9cialisation en Droit immobilier) <\/em>&#8211; Dijon\u00a0 \u00a0\u00a0<img loading=\"lazy\" decoding=\"async\" class=\"alignright\" src=\"http:\/\/www.barreau-dijon.avocat.fr\/sites\/default\/files\/logo-avocats-dijon.png\" alt=\"\" width=\"94\" height=\"47\" \/><\/p>\n<p>&nbsp;<\/p>\n<p><strong>Philippe Clerc<\/strong> &#8211; <em>Directeur Juridique CNES (Centre National d\u2019\u00c9tudes Spatiales)<\/em> &#8211; Paris\u00a0 \u00a0<img loading=\"lazy\" decoding=\"async\" class=\"alignright\" src=\"https:\/\/www.spaceup.fr\/wp-content\/uploads\/Logo-CNES-horizontal.png\" alt=\"\" width=\"115\" height=\"37\" \/><\/p>\n<p>&nbsp;<\/p>\n<p><strong>Philippe Winckel<\/strong> &#8211; Professeur d\u2019anglais et coordinateur du L.L.M d\u2019Anglia Ruskin pour l\u2019Universit\u00e9 de Bourgogne &#8211; Dijon<img loading=\"lazy\" decoding=\"async\" class=\"alignright\" src=\"https:\/\/upload.wikimedia.org\/wikipedia\/fr\/thumb\/6\/68\/Universit%C3%A9_de_Bourgogne_%28logo%29.svg\/1200px-Universit%C3%A9_de_Bourgogne_%28logo%29.svg.png\" alt=\"\" width=\"52\" height=\"32\" \/><\/p>\n<p>&nbsp;<\/p>\n<p><strong>Pol Causin<\/strong> &#8211; Juriste &#8211; <em>Mo\u00ebt Hennessy (vins et spiritueux)<\/em> &#8211; Paris\u00a0 \u00a0<img loading=\"lazy\" decoding=\"async\" class=\"alignright\" src=\"https:\/\/journalduluxe.fr\/wp-content\/uploads\/2017\/04\/Moe%CC%88tHennessy_logo.jpg\" alt=\"\" width=\"112\" height=\"36\" \/><\/p>\n<p>&nbsp;<\/p>\n<p><strong>Raquel Ferreira<\/strong> &#8211; Juriste &#8211; <em>Cabinet ACC (Audit Conseil Comptabilit\u00e9)<\/em> &#8211; Dijon\u00a0 \u00a0 \u00a0 \u00a0 \u00a0 \u00a0 \u00a0 \u00a0 \u00a0 \u00a0 \u00a0 \u00a0 \u00a0 \u00a0 \u00a0 \u00a0 \u00a0 \u00a0 \u00a0 \u00a0 \u00a0 \u00a0 \u00a0 \u00a0 \u00a0 \u00a0<img loading=\"lazy\" decoding=\"async\" class=\"alignright\" src=\"http:\/\/www.expert-comptable-acc.fr\/img\/lgo_ACC.png\" alt=\"\" width=\"61\" height=\"52\" \/><\/p>\n<p>&nbsp;<\/p>\n<p><strong>S\u00e9bastien Manciaux<\/strong> &#8211; Directeur du M2 Juriste d\u2019Affaires Internationales, ma\u00eetre de conf\u00e9rence en Droit priv\u00e9 de l\u2019Universit\u00e9 de Bourgogne et conseiller en arbitrage d\u2019investissement &#8211; Dijon\u00a0 \u00a0<img loading=\"lazy\" decoding=\"async\" class=\"alignright\" src=\"https:\/\/upload.wikimedia.org\/wikipedia\/fr\/thumb\/6\/68\/Universit%C3%A9_de_Bourgogne_%28logo%29.svg\/1200px-Universit%C3%A9_de_Bourgogne_%28logo%29.svg.png\" alt=\"\" width=\"52\" height=\"32\" \/><\/p>\n<p>&nbsp;<\/p>\n<p><strong>Sofia Zaki<\/strong> &#8211; Juriste &#8211; Vinci Construction Grands Projets &#8211; Paris\u00a0 \u00a0 \u00a0 \u00a0<img loading=\"lazy\" decoding=\"async\" class=\"alignright\" src=\"http:\/\/vinci-construction-projets.com\/wp-content\/themes\/vinci\/assets\/images\/logo-vinci-grands-projets2.png\" alt=\"\" width=\"126\" height=\"28\" \/> \u00a0 \u00a0 \u00a0 \u00a0 \u00a0 \u00a0 \u00a0 \u00a0 \u00a0 \u00a0 \u00a0 \u00a0 \u00a0 \u00a0 \u00a0 \u00a0 \u00a0 \u00a0 \u00a0 \u00a0 \u00a0 \u00a0 \u00a0 \u00a0 \u00a0 \u00a0 \u00a0 \u00a0 \u00a0 \u00a0 \u00a0 \u00a0 \u00a0 \u00a0 \u00a0 \u00a0 \u00a0 \u00a0 \u00a0 \u00a0 \u00a0 \u00a0 \u00a0 \u00a0 \u00a0 \u00a0 \u00a0 \u00a0 \u00a0 \u00a0 \u00a0 \u00a0\u00a0 \u00a0 \u00a0 \u00a0<span style=\"font-size: 16px\">\u00a0 \u00a0 \u00a0 \u00a0<\/span><span style=\"font-size: 16px;font-weight: normal\">\u00a0 \u00a0 \u00a0 \u00a0 \u00a0 \u00a0 \u00a0 \u00a0 \u00a0 \u00a0 \u00a0 \u00a0 \u00a0 \u00a0 \u00a0 \u00a0 \u00a0 \u00a0 \u00a0 \u00a0 \u00a0<\/span><span style=\"font-size: 16px;font-weight: normal\">\u00a0 \u00a0 \u00a0 \u00a0 \u00a0 \u00a0 \u00a0 \u00a0 \u00a0 \u00a0 \u00a0 \u00a0 \u00a0 \u00a0 \u00a0 \u00a0 \u00a0 \u00a0 \u00a0 \u00a0 \u00a0 \u00a0 \u00a0 \u00a0 \u00a0 \u00a0 \u00a0 \u00a0 \u00a0 \u00a0 \u00a0 \u00a0 \u00a0 \u00a0 \u00a0 \u00a0 \u00a0 \u00a0 \u00a0 \u00a0 \u00a0 \u00a0 \u00a0 \u00a0 \u00a0 \u00a0 \u00a0 \u00a0 \u00a0 \u00a0 \u00a0 \u00a0 \u00a0 \u00a0 \u00a0 \u00a0 \u00a0 \u00a0 \u00a0 \u00a0 \u00a0 \u00a0 \u00a0 \u00a0 \u00a0 \u00a0 \u00a0 \u00a0 \u00a0 \u00a0 \u00a0 \u00a0 \u00a0 \u00a0 \u00a0 \u00a0 \u00a0 \u00a0 \u00a0 \u00a0 \u00a0 \u00a0 \u00a0 \u00a0 \u00a0 \u00a0 \u00a0 \u00a0 \u00a0 \u00a0 \u00a0 \u00a0 \u00a0 \u00a0 \u00a0\u00a0<\/span><\/p><\/blockquote>\n<p style=\"padding-left: 30px\">\n","protected":false},"excerpt":{"rendered":"<p>&nbsp; L&#8217;AJAI est fi\u00e8re de vous pr\u00e9senter les intervenants qui nous feront l&#8217;honneur d&#8217;\u00eatre pr\u00e9sents \u00e0 la Journ\u00e9e des m\u00e9tiers du Droit des affaires internationales qui se d\u00e9roulera le Vendredi 12 Janvier de 10 heures \u00e0 18 heures en Salle du conseil de Droit : &nbsp; Aleksandar Ivanov\u00a0&#8211; Juriste international &#8211; Euler Herm\u00e8s Assurance &#8211;&hellip;<\/p>\n<p class=\"more-link-p\"><a class=\"btn btn-primary\" href=\"https:\/\/blog.ube.fr\/master-ajai\/blog\/intervenants-journee-metiers-2018\/\">Voir plus &rarr;<\/a><\/p>\n","protected":false},"author":354,"featured_media":586,"comment_status":"closed","ping_status":"open","sticky":false,"template":"","format":"standard","meta":{"footnotes":""},"categories":[25],"tags":[26],"class_list":["post-1101","post","type-post","status-publish","format-standard","has-post-thumbnail","hentry","category-actualites","tag-actualites"],"_links":{"self":[{"href":"https:\/\/blog.ube.fr\/master-ajai\/wp-json\/wp\/v2\/posts\/1101","targetHints":{"allow":["GET"]}}],"collection":[{"href":"https:\/\/blog.ube.fr\/master-ajai\/wp-json\/wp\/v2\/posts"}],"about":[{"href":"https:\/\/blog.ube.fr\/master-ajai\/wp-json\/wp\/v2\/types\/post"}],"author":[{"embeddable":true,"href":"https:\/\/blog.ube.fr\/master-ajai\/wp-json\/wp\/v2\/users\/354"}],"replies":[{"embeddable":true,"href":"https:\/\/blog.ube.fr\/master-ajai\/wp-json\/wp\/v2\/comments?post=1101"}],"version-history":[{"count":76,"href":"https:\/\/blog.ube.fr\/master-ajai\/wp-json\/wp\/v2\/posts\/1101\/revisions"}],"predecessor-version":[{"id":1177,"href":"https:\/\/blog.ube.fr\/master-ajai\/wp-json\/wp\/v2\/posts\/1101\/revisions\/1177"}],"wp:featuredmedia":[{"embeddable":true,"href":"https:\/\/blog.ube.fr\/master-ajai\/wp-json\/wp\/v2\/media\/586"}],"wp:attachment":[{"href":"https:\/\/blog.ube.fr\/master-ajai\/wp-json\/wp\/v2\/media?parent=1101"}],"wp:term":[{"taxonomy":"category","embeddable":true,"href":"https:\/\/blog.ube.fr\/master-ajai\/wp-json\/wp\/v2\/categories?post=1101"},{"taxonomy":"post_tag","embeddable":true,"href":"https:\/\/blog.ube.fr\/master-ajai\/wp-json\/wp\/v2\/tags?post=1101"}],"curies":[{"name":"wp","href":"https:\/\/api.w.org\/{rel}","templated":true}]}}