{"id":1039,"date":"2013-11-21T10:14:08","date_gmt":"2013-11-21T09:14:08","guid":{"rendered":"http:\/\/blog.u-bourgogne.fr\/master-ajai\/?p=1039"},"modified":"2017-12-09T10:17:28","modified_gmt":"2017-12-09T09:17:28","slug":"seminaire-temps-droit","status":"publish","type":"post","link":"https:\/\/blog.ube.fr\/master-ajai\/blog\/seminaire-temps-droit\/","title":{"rendered":"S\u00e9minaire: &#8220;Le temps et le droit&#8221;"},"content":{"rendered":"<dl class=\"article-info clearfix\">\n<dd id=\"wrapper_social_links\">\n<div class=\"addthis_toolbox addthis_default_style \"><\/div>\n<\/dd>\n<\/dl>\n<p>L&#8217;<a href=\"http:\/\/www.henricapitant.org\/\" target=\"blank\" rel=\"external\">association Henri Capitant<\/a>\u00a0des amis de la culture juridique fran\u00e7aise vous invite \u00e0 sa 18e journ\u00e9e nationale sur le th\u00e8me\u00a0<em><strong>&#8220;Le temps et le droit&#8221;<\/strong><\/em>.<\/p>\n<p>Cet \u00e9v\u00e8nement se tiendra le vendredi 22 novembre 2013, \u00e0 partir de 9h00, au p\u00f4le AAFE.<\/p>\n<p>Programme et inscriptions:<\/p>\n<p><img loading=\"lazy\" decoding=\"async\" src=\"http:\/\/master-ajai.u-bourgogne.fr\/images\/stories\/invitdijon2-page-001.jpg\" alt=\"invitdijon2-page-001\" width=\"643\" height=\"450\" \/><\/p>\n<p>&nbsp;<\/p>\n<p><img loading=\"lazy\" decoding=\"async\" src=\"http:\/\/master-ajai.u-bourgogne.fr\/images\/stories\/invitdijon2-page-002.jpg\" alt=\"invitdijon2-page-002\" width=\"643\" height=\"450\" \/><\/p>\n<p>&nbsp;<\/p>\n<p><img loading=\"lazy\" decoding=\"async\" class=\"\" src=\"http:\/\/master-ajai.u-bourgogne.fr\/images\/stories\/bulletinDijon2-page-001.jpg\" alt=\"bulletinDijon2-page-001\" width=\"283\" height=\"396\" \/>\u00a0 \u00a0 \u00a0 \u00a0 \u00a0 \u00a0 \u00a0 \u00a0 \u00a0 \u00a0<img loading=\"lazy\" decoding=\"async\" class=\"\" style=\"font-size: 16px\" src=\"http:\/\/master-ajai.u-bourgogne.fr\/images\/stories\/bulletinDijon2-page-002.jpg\" alt=\"bulletinDijon2-page-002\" width=\"296\" height=\"414\" \/><\/p>\n<p>&nbsp;<\/p>\n<p>&nbsp;<\/p>\n","protected":false},"excerpt":{"rendered":"<p>L&#8217;association Henri Capitant\u00a0des amis de la culture juridique fran\u00e7aise vous invite \u00e0 sa 18e journ\u00e9e nationale sur le th\u00e8me\u00a0&#8220;Le temps et le droit&#8221;. Cet \u00e9v\u00e8nement se tiendra le vendredi 22 novembre 2013, \u00e0 partir de 9h00, au p\u00f4le AAFE. Programme et inscriptions: &nbsp; &nbsp; \u00a0 \u00a0 \u00a0 \u00a0 \u00a0 \u00a0 \u00a0 \u00a0 \u00a0 \u00a0 &nbsp;&hellip;<\/p>\n<p class=\"more-link-p\"><a class=\"btn btn-primary\" href=\"https:\/\/blog.ube.fr\/master-ajai\/blog\/seminaire-temps-droit\/\">Voir plus &rarr;<\/a><\/p>\n","protected":false},"author":354,"featured_media":0,"comment_status":"closed","ping_status":"open","sticky":false,"template":"","format":"standard","meta":{"footnotes":""},"categories":[25],"tags":[26],"class_list":["post-1039","post","type-post","status-publish","format-standard","hentry","category-actualites","tag-actualites"],"_links":{"self":[{"href":"https:\/\/blog.ube.fr\/master-ajai\/wp-json\/wp\/v2\/posts\/1039","targetHints":{"allow":["GET"]}}],"collection":[{"href":"https:\/\/blog.ube.fr\/master-ajai\/wp-json\/wp\/v2\/posts"}],"about":[{"href":"https:\/\/blog.ube.fr\/master-ajai\/wp-json\/wp\/v2\/types\/post"}],"author":[{"embeddable":true,"href":"https:\/\/blog.ube.fr\/master-ajai\/wp-json\/wp\/v2\/users\/354"}],"replies":[{"embeddable":true,"href":"https:\/\/blog.ube.fr\/master-ajai\/wp-json\/wp\/v2\/comments?post=1039"}],"version-history":[{"count":2,"href":"https:\/\/blog.ube.fr\/master-ajai\/wp-json\/wp\/v2\/posts\/1039\/revisions"}],"predecessor-version":[{"id":1041,"href":"https:\/\/blog.ube.fr\/master-ajai\/wp-json\/wp\/v2\/posts\/1039\/revisions\/1041"}],"wp:attachment":[{"href":"https:\/\/blog.ube.fr\/master-ajai\/wp-json\/wp\/v2\/media?parent=1039"}],"wp:term":[{"taxonomy":"category","embeddable":true,"href":"https:\/\/blog.ube.fr\/master-ajai\/wp-json\/wp\/v2\/categories?post=1039"},{"taxonomy":"post_tag","embeddable":true,"href":"https:\/\/blog.ube.fr\/master-ajai\/wp-json\/wp\/v2\/tags?post=1039"}],"curies":[{"name":"wp","href":"https:\/\/api.w.org\/{rel}","templated":true}]}}