{"id":1032,"date":"2014-04-10T10:05:25","date_gmt":"2014-04-10T09:05:25","guid":{"rendered":"http:\/\/blog.u-bourgogne.fr\/master-ajai\/?p=1032"},"modified":"2017-12-09T10:38:08","modified_gmt":"2017-12-09T09:38:08","slug":"entrepreneuriales-deux-etudiants-m2-primes","status":"publish","type":"post","link":"https:\/\/blog.ube.fr\/master-ajai\/blog\/entrepreneuriales-deux-etudiants-m2-primes\/","title":{"rendered":"Entrepreneuriales: deux \u00e9tudiants du M2 prim\u00e9s"},"content":{"rendered":"<dl class=\"article-info clearfix\">\n<dd id=\"wrapper_social_links\">\n<div class=\"addthis_toolbox addthis_default_style \"><\/div>\n<\/dd>\n<\/dl>\n<p>Deux \u00e9tudiants du Master 2 JAI pro. se sont vu remettre le &#8220;prix eco-entrepreneur&#8221; et le &#8220;prix coup de coeur&#8221; lors de la soir\u00e9e de cl\u00f4ture des entrepreneuriales 2013-2014!<\/p>\n<p>L&#8217;information dans son milieu naturel\u00a0<a href=\"http:\/\/www.les-entrepreneuriales.fr\/region\/bourgogne\/validation-des-projets\/la-soiree\/cloture-du-programme\" target=\"blank\" rel=\"external\">ici<\/a>.<\/p>\n<p>F\u00e9liciations \u00e0 nos cinq repr\u00e9sentants pour leur dynamisme et leur travail!<\/p>\n","protected":false},"excerpt":{"rendered":"<p>Deux \u00e9tudiants du Master 2 JAI pro. se sont vu remettre le &#8220;prix eco-entrepreneur&#8221; et le &#8220;prix coup de coeur&#8221; lors de la soir\u00e9e de cl\u00f4ture des entrepreneuriales 2013-2014! L&#8217;information dans son milieu naturel\u00a0ici. F\u00e9liciations \u00e0 nos cinq repr\u00e9sentants pour leur dynamisme et leur travail!<\/p>\n<p class=\"more-link-p\"><a class=\"btn btn-primary\" href=\"https:\/\/blog.ube.fr\/master-ajai\/blog\/entrepreneuriales-deux-etudiants-m2-primes\/\">Voir plus &rarr;<\/a><\/p>\n","protected":false},"author":354,"featured_media":0,"comment_status":"closed","ping_status":"open","sticky":false,"template":"","format":"standard","meta":{"footnotes":""},"categories":[25],"tags":[26],"class_list":["post-1032","post","type-post","status-publish","format-standard","hentry","category-actualites","tag-actualites"],"_links":{"self":[{"href":"https:\/\/blog.ube.fr\/master-ajai\/wp-json\/wp\/v2\/posts\/1032","targetHints":{"allow":["GET"]}}],"collection":[{"href":"https:\/\/blog.ube.fr\/master-ajai\/wp-json\/wp\/v2\/posts"}],"about":[{"href":"https:\/\/blog.ube.fr\/master-ajai\/wp-json\/wp\/v2\/types\/post"}],"author":[{"embeddable":true,"href":"https:\/\/blog.ube.fr\/master-ajai\/wp-json\/wp\/v2\/users\/354"}],"replies":[{"embeddable":true,"href":"https:\/\/blog.ube.fr\/master-ajai\/wp-json\/wp\/v2\/comments?post=1032"}],"version-history":[{"count":1,"href":"https:\/\/blog.ube.fr\/master-ajai\/wp-json\/wp\/v2\/posts\/1032\/revisions"}],"predecessor-version":[{"id":1033,"href":"https:\/\/blog.ube.fr\/master-ajai\/wp-json\/wp\/v2\/posts\/1032\/revisions\/1033"}],"wp:attachment":[{"href":"https:\/\/blog.ube.fr\/master-ajai\/wp-json\/wp\/v2\/media?parent=1032"}],"wp:term":[{"taxonomy":"category","embeddable":true,"href":"https:\/\/blog.ube.fr\/master-ajai\/wp-json\/wp\/v2\/categories?post=1032"},{"taxonomy":"post_tag","embeddable":true,"href":"https:\/\/blog.ube.fr\/master-ajai\/wp-json\/wp\/v2\/tags?post=1032"}],"curies":[{"name":"wp","href":"https:\/\/api.w.org\/{rel}","templated":true}]}}