{"id":1001,"date":"2017-01-16T12:38:53","date_gmt":"2017-01-16T11:38:53","guid":{"rendered":"http:\/\/blog.u-bourgogne.fr\/master-ajai\/?p=1001"},"modified":"2017-12-08T18:44:13","modified_gmt":"2017-12-08T17:44:13","slug":"promotion-2017-thomas-walde","status":"publish","type":"post","link":"https:\/\/blog.ube.fr\/master-ajai\/blog\/promotion-2017-thomas-walde\/","title":{"rendered":"La promotion 2017 Thomas W\u00e4lde"},"content":{"rendered":"<p>Nous sommes heureux de vous pr\u00e9senter la promotion 2016-2017 Thomas W\u00e4lde, compos\u00e9e de 17 \u00e9tudiants, fran\u00e7ais et \u00e9trangers:<\/p>\n<div><a title=\"Dafina Bugari\" href=\"https:\/\/www.linkedin.com\/in\/dafina-bugari-8916a312b?authType=NAME_SEARCH&amp;authToken=mU0y&amp;locale=fr_FR&amp;trk=tyah&amp;trkInfo=clickedVertical%3Amynetwork%2CclickedEntityId%3A536197933%2CauthType%3ANAME_SEARCH%2Cidx%3A1-2-2%2CtarId%3A1478884190543%2Ctas%3Ada\" target=\"_blank\" rel=\"noopener\">Dafina Bugari<\/a><\/div>\n<div><a title=\"Quentin Burg\" href=\"https:\/\/www.linkedin.com\/in\/quentin-burg-2929a470?authType=NAME_SEARCH&amp;authToken=_H45&amp;locale=fr_FR&amp;trk=tyah&amp;trkInfo=clickedVertical%3Amynetwork%2CclickedEntityId%3A253276814%2CauthType%3ANAME_SEARCH%2Cidx%3A1-1-1%2CtarId%3A1478884253405%2Ctas%3Aquent\" target=\"_blank\" rel=\"noopener\">Quentin Burg<\/a><\/div>\n<div><a title=\"Samah Chaoui\" href=\"https:\/\/www.linkedin.com\/in\/samah-chaoui-a45a05113?authType=NAME_SEARCH&amp;authToken=vswI&amp;locale=fr_FR&amp;trk=tyah&amp;trkInfo=clickedVertical%3Amynetwork%2CclickedEntityId%3A477269909%2CauthType%3ANAME_SEARCH%2Cidx%3A1-1-1%2CtarId%3A1478884301909%2Ctas%3Asamah%20chaoui\" target=\"_blank\" rel=\"noopener\">Samah Chaoui<\/a><\/div>\n<div><a title=\"Estelle Delorme\" href=\"https:\/\/www.linkedin.com\/in\/estelle-delorme-04b786bb?authType=name&amp;authToken=Jbhm&amp;trk=prof-sb-browse_map-name\" target=\"_blank\" rel=\"noopener\">Estelle Delorme<\/a><\/div>\n<div><a title=\"Charlotte Eble\" href=\"https:\/\/www.linkedin.com\/in\/charlotte-eble-a99616116?authType=NAME_SEARCH&amp;authToken=UWRU&amp;locale=fr_FR&amp;trk=tyah&amp;trkInfo=clickedVertical%3Amynetwork%2CclickedEntityId%3A485255061%2CauthType%3ANAME_SEARCH%2Cidx%3A1-1-1%2CtarId%3A1478884366970%2Ctas%3Achar\" target=\"_blank\" rel=\"noopener\">Charlotte Eble<\/a><\/div>\n<div><a title=\"Magali Fa\u00efn\" href=\"https:\/\/www.linkedin.com\/in\/magali-fa%C3%AFn-334b9a129?authType=name&amp;authToken=KerF&amp;trk=prof-sb-browse_map-name\" target=\"_blank\" rel=\"noopener\">Magali Fa\u00efn<\/a><\/div>\n<div><a title=\"Lee-Aurore Ferdin\" href=\"https:\/\/www.linkedin.com\/in\/leeauroreferdin?authType=NAME_SEARCH&amp;authToken=aLV0&amp;locale=fr_FR&amp;trk=tyah&amp;trkInfo=clickedVertical%3Amynetwork%2CclickedEntityId%3A400086090%2CauthType%3ANAME_SEARCH%2Cidx%3A1-1-1%2CtarId%3A1478884571442%2Ctas%3Alee-au\" target=\"_blank\" rel=\"noopener\">Lee-Aurore Ferdin<\/a><\/div>\n<div><a title=\"Raquel Ferreira Gon\u00e7alves\" href=\"https:\/\/www.linkedin.com\/in\/raquel-ferreira-43850510a?authType=name&amp;authToken=BgBM&amp;trk=prof-sb-browse_map-name\" target=\"_blank\" rel=\"noopener\">Raquel Ferreira Gon\u00e7alves<\/a><\/div>\n<div><a title=\"Camille Jacquemin\" href=\"https:\/\/www.linkedin.com\/in\/camille-jacquemin-8141817b?trk=nav_responsive_tab_profile\" target=\"_blank\" rel=\"noopener\">Camille Jacquemin<\/a><\/div>\n<div><a title=\"Maran Konta\" href=\"https:\/\/www.linkedin.com\/in\/maran-konta-504a56113?authType=name&amp;authToken=ft_D&amp;trk=prof-sb-browse_map-name\" target=\"_blank\" rel=\"noopener\">Maran Konta<\/a><\/div>\n<div><a title=\"Isadora Sayuri Oshiro\" href=\"https:\/\/www.linkedin.com\/in\/isadora-oshiro-13940693?authType=NAME_SEARCH&amp;authToken=1ugc&amp;locale=fr_FR&amp;trk=tyah&amp;trkInfo=clickedVertical%3Amynetwork%2CclickedEntityId%3A332450109%2CauthType%3ANAME_SEARCH%2Cidx%3A1-1-1%2CtarId%3A1478884679603%2Ctas%3Aisadora%20\" target=\"_blank\" rel=\"noopener\">Isadora Sayuri Oshiro<\/a><\/div>\n<div><a title=\"Chlo\u00e9 Rebouh\" href=\"https:\/\/www.linkedin.com\/in\/chlo%C3%A9-rebouh-6b9222129?authType=name&amp;authToken=UL4w&amp;trk=prof-sb-browse_map-name\" target=\"_blank\" rel=\"noopener\">Chlo\u00e9 Rebouh<\/a><\/div>\n<div><a title=\"Aude Martincourt\" href=\"https:\/\/www.linkedin.com\/in\/aude-martincourt-5aab97130?authType=NAME_SEARCH&amp;authToken=02xU&amp;locale=fr_FR&amp;trk=tyah&amp;trkInfo=clickedVertical%3Amynetwork%2CclickedEntityId%3A540413842%2CauthType%3ANAME_SEARCH%2Cidx%3A1-1-1%2CtarId%3A1478884748518%2Ctas%3Aaude%20\" target=\"_blank\" rel=\"noopener\">Aude Martincourt<\/a><\/div>\n<div><a title=\"Rosalie Sagna\" href=\"https:\/\/www.linkedin.com\/in\/rosalie-sagna-679aaa116?authType=name&amp;authToken=atL7&amp;trk=prof-sb-browse_map-name\" target=\"_blank\" rel=\"noopener\">Rosalie Sagna<\/a><\/div>\n<div><a title=\"Pilar Cardenas-Gras\" href=\"https:\/\/www.linkedin.com\/in\/pilar-cardenas-4946aa12b?authType=NAME_SEARCH&amp;authToken=BsyP&amp;locale=fr_FR&amp;trk=tyah&amp;trkInfo=clickedVertical%3Amynetwork%2CclickedEntityId%3A536209456%2CauthType%3ANAME_SEARCH%2Cidx%3A1-1-1%2CtarId%3A1478884804987%2Ctas%3Apil\" target=\"_blank\" rel=\"noopener\">Pilar Cardenas-Gras<\/a><\/div>\n<div><a title=\"Shivani Santilal\" href=\"https:\/\/www.linkedin.com\/in\/shivani-santilal-4b1049115?authType=name&amp;authToken=nVef&amp;trk=prof-sb-browse_map-name\" target=\"_blank\" rel=\"noopener\">Shivani Santilal<\/a><\/div>\n<div><a title=\"Gwladys Suaud\" href=\"https:\/\/www.linkedin.com\/in\/gwladys-suaud-011797123?authType=NAME_SEARCH&amp;authToken=csor&amp;locale=fr_FR&amp;trk=tyah&amp;trkInfo=clickedVertical%3Amynetwork%2CclickedEntityId%3A512543821%2CauthType%3ANAME_SEARCH%2Cidx%3A1-1-1%2CtarId%3A1478884862352%2Ctas%3Agw\" target=\"_blank\" rel=\"noopener\">Gwladys Suaud<\/a><\/div>\n<p>Le bureau de l&#8217;association est constitu\u00e9 comme suit:<\/p>\n<div>&#8211; Pr\u00e9sidente: Raquel Ferreira Gon\u00e7alves;<\/div>\n<div>&#8211; Vice-Pr\u00e9sidentes: Dafina Bugari et Pilar Cardenas;<\/div>\n<div>&#8211; Secr\u00e9taires: Charlotte Eble et Maran Konta ;<\/div>\n<div>&#8211; Tr\u00e9sori\u00e8re: Lee-Aurore Ferdin;<\/div>\n<div>&#8211; Vice-Tr\u00e9sorier: Quentin Burg;<\/div>\n<div>&#8211; Webmasters: Estelle Delorme, Magali Fa\u00efn et Camille Jacquemin.<\/div>\n","protected":false},"excerpt":{"rendered":"<p>Nous sommes heureux de vous pr\u00e9senter la promotion 2016-2017 Thomas W\u00e4lde, compos\u00e9e de 17 \u00e9tudiants, fran\u00e7ais et \u00e9trangers: Dafina Bugari Quentin Burg Samah Chaoui Estelle Delorme Charlotte Eble Magali Fa\u00efn Lee-Aurore Ferdin Raquel Ferreira Gon\u00e7alves Camille Jacquemin Maran Konta Isadora Sayuri Oshiro Chlo\u00e9 Rebouh Aude Martincourt Rosalie Sagna Pilar Cardenas-Gras Shivani Santilal Gwladys Suaud Le&hellip;<\/p>\n<p class=\"more-link-p\"><a class=\"btn btn-primary\" href=\"https:\/\/blog.ube.fr\/master-ajai\/blog\/promotion-2017-thomas-walde\/\">Voir plus &rarr;<\/a><\/p>\n","protected":false},"author":354,"featured_media":0,"comment_status":"closed","ping_status":"open","sticky":false,"template":"","format":"standard","meta":{"footnotes":""},"categories":[25],"tags":[26],"class_list":["post-1001","post","type-post","status-publish","format-standard","hentry","category-actualites","tag-actualites"],"_links":{"self":[{"href":"https:\/\/blog.ube.fr\/master-ajai\/wp-json\/wp\/v2\/posts\/1001","targetHints":{"allow":["GET"]}}],"collection":[{"href":"https:\/\/blog.ube.fr\/master-ajai\/wp-json\/wp\/v2\/posts"}],"about":[{"href":"https:\/\/blog.ube.fr\/master-ajai\/wp-json\/wp\/v2\/types\/post"}],"author":[{"embeddable":true,"href":"https:\/\/blog.ube.fr\/master-ajai\/wp-json\/wp\/v2\/users\/354"}],"replies":[{"embeddable":true,"href":"https:\/\/blog.ube.fr\/master-ajai\/wp-json\/wp\/v2\/comments?post=1001"}],"version-history":[{"count":1,"href":"https:\/\/blog.ube.fr\/master-ajai\/wp-json\/wp\/v2\/posts\/1001\/revisions"}],"predecessor-version":[{"id":1002,"href":"https:\/\/blog.ube.fr\/master-ajai\/wp-json\/wp\/v2\/posts\/1001\/revisions\/1002"}],"wp:attachment":[{"href":"https:\/\/blog.ube.fr\/master-ajai\/wp-json\/wp\/v2\/media?parent=1001"}],"wp:term":[{"taxonomy":"category","embeddable":true,"href":"https:\/\/blog.ube.fr\/master-ajai\/wp-json\/wp\/v2\/categories?post=1001"},{"taxonomy":"post_tag","embeddable":true,"href":"https:\/\/blog.ube.fr\/master-ajai\/wp-json\/wp\/v2\/tags?post=1001"}],"curies":[{"name":"wp","href":"https:\/\/api.w.org\/{rel}","templated":true}]}}