{"id":935,"date":"2024-09-17T15:00:23","date_gmt":"2024-09-17T13:00:23","guid":{"rendered":"https:\/\/blog.u-bourgogne.fr\/du-etudiants-en-exil\/?p=935"},"modified":"2024-10-04T15:52:27","modified_gmt":"2024-10-04T13:52:27","slug":"la-rentree-universitaire","status":"publish","type":"post","link":"https:\/\/blog.ube.fr\/du-etudiants-en-exil\/2024\/09\/17\/la-rentree-universitaire\/","title":{"rendered":"Rentr\u00e9e universitaire"},"content":{"rendered":"<p>Cette ann\u00e9e, le DU <em>Passerelle &#8211; \u00e9tudiants en exil<\/em> de l&#8217;uB accueille 80 \u00e9tudiant(e)s, \u00e2g\u00e9(e)s de 19 \u00e0 45 ans.<!--more-->La rentr\u00e9e universitaire a \u00e9t\u00e9 officiellement lanc\u00e9e le lundi 9 septembre 2024.<\/p>\n<p>La nouvelle promotion a pass\u00e9 le matin un test de fran\u00e7ais permettant de cr\u00e9er les quatre groupes de niveau. Apr\u00e8s un pot offert par l&#8217;association <a href=\"https:\/\/blog.ube.fr\/du-etudiants-en-exil\/notre-association\/\" rel=\"\">ARAM<\/a> qui \u0153uvre \u00e0 l&#8217;int\u00e9gration socioculturelle de nos \u00e9tudiants, une visite du campus a \u00e9t\u00e9 anim\u00e9e par la directrice du DU <em>Passerelle<\/em>.<br \/>\nUne r\u00e9union de rentr\u00e9e permettant de pr\u00e9senter l&#8217;\u00e9quipe p\u00e9dagogique et administrative du DU a clos cette journ\u00e9e.<\/p>\n<p>\u00c0 toutes et \u00e0 tous, nous leur souhaitons une ann\u00e9e universitaire riche de rencontres et d&#8217;apprentissages !<\/p>\n<p><img loading=\"lazy\" decoding=\"async\" src=\"https:\/\/blog.ube.fr\/du-etudiants-en-exil\/wp-content\/uploads\/sites\/137\/2024\/10\/2024_09_17_actualite_rentree_universitaire-scaled.jpg\" alt=\"\" width=\"670\" height=\"503\" \/><\/p>\n<p><img decoding=\"async\" src=\"2024_09_17_actualite_rentree_universitaire\" alt=\"\" \/><\/p>\n","protected":false},"excerpt":{"rendered":"<p>Cette ann\u00e9e, le DU Passerelle &#8211; \u00e9tudiants en exil de l&#8217;uB accueille 80 \u00e9tudiant(e)s, \u00e2g\u00e9(e)s de 19 \u00e0 45 ans.<\/p>\n<p class=\"more-link-p\"><a class=\"btn btn-primary\" href=\"https:\/\/blog.ube.fr\/du-etudiants-en-exil\/2024\/09\/17\/la-rentree-universitaire\/\">Voir plus &rarr;<\/a><\/p>\n","protected":false},"author":1847,"featured_media":0,"comment_status":"closed","ping_status":"closed","sticky":false,"template":"","format":"standard","meta":{"footnotes":""},"categories":[33],"tags":[],"class_list":["post-935","post","type-post","status-publish","format-standard","hentry","category-actualites"],"_links":{"self":[{"href":"https:\/\/blog.ube.fr\/du-etudiants-en-exil\/wp-json\/wp\/v2\/posts\/935","targetHints":{"allow":["GET"]}}],"collection":[{"href":"https:\/\/blog.ube.fr\/du-etudiants-en-exil\/wp-json\/wp\/v2\/posts"}],"about":[{"href":"https:\/\/blog.ube.fr\/du-etudiants-en-exil\/wp-json\/wp\/v2\/types\/post"}],"author":[{"embeddable":true,"href":"https:\/\/blog.ube.fr\/du-etudiants-en-exil\/wp-json\/wp\/v2\/users\/1847"}],"replies":[{"embeddable":true,"href":"https:\/\/blog.ube.fr\/du-etudiants-en-exil\/wp-json\/wp\/v2\/comments?post=935"}],"version-history":[{"count":6,"href":"https:\/\/blog.ube.fr\/du-etudiants-en-exil\/wp-json\/wp\/v2\/posts\/935\/revisions"}],"predecessor-version":[{"id":944,"href":"https:\/\/blog.ube.fr\/du-etudiants-en-exil\/wp-json\/wp\/v2\/posts\/935\/revisions\/944"}],"wp:attachment":[{"href":"https:\/\/blog.ube.fr\/du-etudiants-en-exil\/wp-json\/wp\/v2\/media?parent=935"}],"wp:term":[{"taxonomy":"category","embeddable":true,"href":"https:\/\/blog.ube.fr\/du-etudiants-en-exil\/wp-json\/wp\/v2\/categories?post=935"},{"taxonomy":"post_tag","embeddable":true,"href":"https:\/\/blog.ube.fr\/du-etudiants-en-exil\/wp-json\/wp\/v2\/tags?post=935"}],"curies":[{"name":"wp","href":"https:\/\/api.w.org\/{rel}","templated":true}]}}