{"id":914,"date":"2024-06-13T15:32:18","date_gmt":"2024-06-13T13:32:18","guid":{"rendered":"https:\/\/blog.u-bourgogne.fr\/du-etudiants-en-exil\/?p=914"},"modified":"2024-06-13T15:37:09","modified_gmt":"2024-06-13T13:37:09","slug":"ceremonie-de-remise-des-diplomes","status":"publish","type":"post","link":"https:\/\/blog.ube.fr\/du-etudiants-en-exil\/2024\/06\/13\/ceremonie-de-remise-des-diplomes\/","title":{"rendered":"C\u00e9r\u00e9monie de remise des dipl\u00f4mes"},"content":{"rendered":"<p>La c\u00e9r\u00e9monie de remise des dipl\u00f4mes de la promotion 2023\/2024 du DU <em>Passerelle \u2013 Etudiants en exil<\/em> a eu lieu le mercredi 29 mai 2024 \u00e0 la Maison de l\u2019Universit\u00e9 sur le campus de Dijon.<!--more--><\/p>\n<p>Apr\u00e8s les discours officiels pour f\u00e9liciter les 79 nouveaux dipl\u00f4m\u00e9s, trois alumni ont t\u00e9moign\u00e9 sur leurs parcours de vie avant l\u2019exil, leurs d\u00e9couvertes du DU <em>Passerelle<\/em> et leurs efforts pour se construire un avenir professionnel en France.<\/p>\n<p>L\u2019\u00e9v\u00e9nement s\u2019est termin\u00e9 avec une mise en lumi\u00e8re de la semaine artistique, de l\u2019unit\u00e9 d\u2019enseignement (UE) <em>Compagnons<\/em> et par un panorama de leur ann\u00e9e pass\u00e9e.<\/p>\n<h3 style=\"text-align: center;\">Nous vous souhaitons \u00e0 toutes et \u00e0 tous une bonne chance pour la suite !<\/h3>\n<p>&nbsp;<\/p>\n<p><strong>Plus d\u2019informations<\/strong><\/p>\n<ul>\n<li>Consultez l\u2019<a href=\"https:\/\/ufr-lettres-philosophie.u-bourgogne.fr\/actualites\/ceremonie-de-remise-des-diplomes-du-du-passerelle-2024.html\" target=\"_blank\" rel=\"noopener\">article complet<\/a> concernant la c\u00e9r\u00e9monie sur le site web de l\u2019UFR <em>Lettres et philosophie<\/em>.<\/li>\n<li>D\u00e9couvrez l\u2019unit\u00e9 d\u2019enseignement (UE) <em>Compagnons<\/em> \u00e0 travers de <a href=\"https:\/\/www.youtube.com\/watch?v=tqxOUbIdFHg\" target=\"_blank\" rel=\"noopener\">cette vid\u00e9o<\/a> r\u00e9alis\u00e9e par Nadia, une \u00e9tudiante en journalisme \u00e0 l\u2019universit\u00e9 de Bourgogne.<\/li>\n<\/ul>\n<p><img loading=\"lazy\" decoding=\"async\" class=\"alignleft wp-image-913 size-full\" src=\"https:\/\/blog.ube.fr\/du-etudiants-en-exil\/wp-content\/uploads\/sites\/137\/2024\/06\/2024_05_29_actualite_remise_des_diplomes.jpg\" alt=\"\" width=\"670\" height=\"503\" srcset=\"https:\/\/blog.ube.fr\/du-etudiants-en-exil\/wp-content\/uploads\/sites\/137\/2024\/06\/2024_05_29_actualite_remise_des_diplomes.jpg 670w, https:\/\/blog.ube.fr\/du-etudiants-en-exil\/wp-content\/uploads\/sites\/137\/2024\/06\/2024_05_29_actualite_remise_des_diplomes-300x225.jpg 300w\" sizes=\"auto, (max-width: 670px) 100vw, 670px\" \/><\/p>\n","protected":false},"excerpt":{"rendered":"<p>La c\u00e9r\u00e9monie de remise des dipl\u00f4mes de la promotion 2023\/2024 du DU Passerelle \u2013 Etudiants en exil a eu lieu le mercredi 29 mai 2024 \u00e0 la Maison de l\u2019Universit\u00e9 sur le campus de Dijon.<\/p>\n<p class=\"more-link-p\"><a class=\"btn btn-primary\" href=\"https:\/\/blog.ube.fr\/du-etudiants-en-exil\/2024\/06\/13\/ceremonie-de-remise-des-diplomes\/\">Voir plus &rarr;<\/a><\/p>\n","protected":false},"author":1847,"featured_media":0,"comment_status":"closed","ping_status":"closed","sticky":false,"template":"","format":"standard","meta":{"footnotes":""},"categories":[33],"tags":[],"class_list":["post-914","post","type-post","status-publish","format-standard","hentry","category-actualites"],"_links":{"self":[{"href":"https:\/\/blog.ube.fr\/du-etudiants-en-exil\/wp-json\/wp\/v2\/posts\/914","targetHints":{"allow":["GET"]}}],"collection":[{"href":"https:\/\/blog.ube.fr\/du-etudiants-en-exil\/wp-json\/wp\/v2\/posts"}],"about":[{"href":"https:\/\/blog.ube.fr\/du-etudiants-en-exil\/wp-json\/wp\/v2\/types\/post"}],"author":[{"embeddable":true,"href":"https:\/\/blog.ube.fr\/du-etudiants-en-exil\/wp-json\/wp\/v2\/users\/1847"}],"replies":[{"embeddable":true,"href":"https:\/\/blog.ube.fr\/du-etudiants-en-exil\/wp-json\/wp\/v2\/comments?post=914"}],"version-history":[{"count":7,"href":"https:\/\/blog.ube.fr\/du-etudiants-en-exil\/wp-json\/wp\/v2\/posts\/914\/revisions"}],"predecessor-version":[{"id":921,"href":"https:\/\/blog.ube.fr\/du-etudiants-en-exil\/wp-json\/wp\/v2\/posts\/914\/revisions\/921"}],"wp:attachment":[{"href":"https:\/\/blog.ube.fr\/du-etudiants-en-exil\/wp-json\/wp\/v2\/media?parent=914"}],"wp:term":[{"taxonomy":"category","embeddable":true,"href":"https:\/\/blog.ube.fr\/du-etudiants-en-exil\/wp-json\/wp\/v2\/categories?post=914"},{"taxonomy":"post_tag","embeddable":true,"href":"https:\/\/blog.ube.fr\/du-etudiants-en-exil\/wp-json\/wp\/v2\/tags?post=914"}],"curies":[{"name":"wp","href":"https:\/\/api.w.org\/{rel}","templated":true}]}}