{"id":874,"date":"2023-06-02T16:05:46","date_gmt":"2023-06-02T14:05:46","guid":{"rendered":"https:\/\/blog.u-bourgogne.fr\/du-etudiants-en-exil\/?p=874"},"modified":"2024-01-31T16:14:34","modified_gmt":"2024-01-31T15:14:34","slug":"journee-de-fin-dannee-organisee-par-lassociation-aram","status":"publish","type":"post","link":"https:\/\/blog.ube.fr\/du-etudiants-en-exil\/2023\/06\/02\/journee-de-fin-dannee-organisee-par-lassociation-aram\/","title":{"rendered":"Journ\u00e9e de fin d&#8217;ann\u00e9e organis\u00e9e par l&#8217;association ARAM"},"content":{"rendered":"<p>L&#8217;ann\u00e9e universitaire de la promotion 2022\/2023 s&#8217;est achev\u00e9e par une journ\u00e9e conviviale organis\u00e9e par l&#8217;association ARAM, avec le soutien de l&#8217;universit\u00e9 de Bourgogne et de la R\u00e9gion Bourgogne-Franche-Comt\u00e9. <!--more--><\/p>\n<p>Les \u00e9tudiants ont pu profiter d&#8217;une activit\u00e9 accrobranche au <em>Parc \u00c9vasion<\/em> de Curley, suivie par une visite de la <a href=\"https:\/\/villart.fr\/actu\/\" target=\"_blank\" rel=\"noopener\">KARRIERE<\/a>, ancienne carri\u00e8re de marbre transform\u00e9e en lieu artistique avec de grandes fresques ext\u00e9rieures.<\/p>\n<p>L&#8217;ensemble du groupe a \u00e9t\u00e9 ravi de cl\u00f4turer ainsi cette riche ann\u00e9e universitaire !<\/p>\n<p><img loading=\"lazy\" decoding=\"async\" src=\"https:\/\/blog.ube.fr\/du-etudiants-en-exil\/wp-content\/uploads\/sites\/137\/2024\/01\/2023_06_02_journee-de-fin-d-annee-1.jpg\" alt=\"\" width=\"500\" height=\"334\" \/><\/p>\n<p><img loading=\"lazy\" decoding=\"async\" src=\"https:\/\/blog.ube.fr\/du-etudiants-en-exil\/wp-content\/uploads\/sites\/137\/2024\/01\/2023_06_02_journee-de-fin-d-annee-2.jpg\" alt=\"\" width=\"500\" height=\"334\" \/><\/p>\n","protected":false},"excerpt":{"rendered":"<p>L&#8217;ann\u00e9e universitaire de la promotion 2022\/2023 s&#8217;est achev\u00e9e par une journ\u00e9e conviviale organis\u00e9e par l&#8217;association ARAM, avec le soutien de l&#8217;universit\u00e9 de Bourgogne et de la R\u00e9gion Bourgogne-Franche-Comt\u00e9.<\/p>\n<p class=\"more-link-p\"><a class=\"btn btn-primary\" href=\"https:\/\/blog.ube.fr\/du-etudiants-en-exil\/2023\/06\/02\/journee-de-fin-dannee-organisee-par-lassociation-aram\/\">Voir plus &rarr;<\/a><\/p>\n","protected":false},"author":1847,"featured_media":0,"comment_status":"closed","ping_status":"closed","sticky":false,"template":"","format":"standard","meta":{"footnotes":""},"categories":[33],"tags":[],"class_list":["post-874","post","type-post","status-publish","format-standard","hentry","category-actualites"],"_links":{"self":[{"href":"https:\/\/blog.ube.fr\/du-etudiants-en-exil\/wp-json\/wp\/v2\/posts\/874","targetHints":{"allow":["GET"]}}],"collection":[{"href":"https:\/\/blog.ube.fr\/du-etudiants-en-exil\/wp-json\/wp\/v2\/posts"}],"about":[{"href":"https:\/\/blog.ube.fr\/du-etudiants-en-exil\/wp-json\/wp\/v2\/types\/post"}],"author":[{"embeddable":true,"href":"https:\/\/blog.ube.fr\/du-etudiants-en-exil\/wp-json\/wp\/v2\/users\/1847"}],"replies":[{"embeddable":true,"href":"https:\/\/blog.ube.fr\/du-etudiants-en-exil\/wp-json\/wp\/v2\/comments?post=874"}],"version-history":[{"count":3,"href":"https:\/\/blog.ube.fr\/du-etudiants-en-exil\/wp-json\/wp\/v2\/posts\/874\/revisions"}],"predecessor-version":[{"id":882,"href":"https:\/\/blog.ube.fr\/du-etudiants-en-exil\/wp-json\/wp\/v2\/posts\/874\/revisions\/882"}],"wp:attachment":[{"href":"https:\/\/blog.ube.fr\/du-etudiants-en-exil\/wp-json\/wp\/v2\/media?parent=874"}],"wp:term":[{"taxonomy":"category","embeddable":true,"href":"https:\/\/blog.ube.fr\/du-etudiants-en-exil\/wp-json\/wp\/v2\/categories?post=874"},{"taxonomy":"post_tag","embeddable":true,"href":"https:\/\/blog.ube.fr\/du-etudiants-en-exil\/wp-json\/wp\/v2\/tags?post=874"}],"curies":[{"name":"wp","href":"https:\/\/api.w.org\/{rel}","templated":true}]}}