{"id":848,"date":"2023-10-09T15:00:26","date_gmt":"2023-10-09T13:00:26","guid":{"rendered":"https:\/\/blog.u-bourgogne.fr\/du-etudiants-en-exil\/?p=848"},"modified":"2023-12-22T15:22:50","modified_gmt":"2023-12-22T14:22:50","slug":"le-mois-de-rentree-au-du-passerelle","status":"publish","type":"post","link":"https:\/\/blog.ube.fr\/du-etudiants-en-exil\/2023\/10\/09\/le-mois-de-rentree-au-du-passerelle\/","title":{"rendered":"Le mois de rentr\u00e9e au DU Passerelle"},"content":{"rendered":"<p>Pour la nouvelle ann\u00e9e universitaire 2023\/2024, le DU <em>Passerelle<\/em> a le plaisir d\u2019accueillir 77 \u00e9tudiant(e)s issus de 25 nationalit\u00e9s diff\u00e9rentes.<!--more--><\/p>\n<p>Cette promotion a \u00e9t\u00e9 r\u00e9partie dans quatre groupes, avec l\u2019objectif de les pr\u00e9parer au mieux \u00e0 l\u2019obtention d\u2019un dipl\u00f4me A2, B1 ou B2 en fran\u00e7ais, en fonction de leurs niveaux de d\u00e9part.<\/p>\n<p>Une journ\u00e9e de rentr\u00e9e le 15 septembre a permis de lancer officiellement l\u2019ann\u00e9e. L\u2019\u00e9quipe du DU <em>Passerelle<\/em> leur avait pr\u00e9par\u00e9e une visite de l\u2019uB leur permettant de rep\u00e9rer les lieux phares du campus : <a href=\"https:\/\/atheneum.u-bourgogne.fr\/\" target=\"_blank\" rel=\"noopener\">Atheneum<\/a>, biblioth\u00e8ques, restaurant universitaire, etc. La visite a \u00e9t\u00e9 suivie d\u2019une r\u00e9union d\u2019information avec l\u2019\u00e9quipe p\u00e9dagogique et administrative du DU. La matin\u00e9e s\u2019est cl\u00f4tur\u00e9e avec un ap\u00e9ro convivial en ext\u00e9rieur.<\/p>\n<p>Gr\u00e2ce \u00e0 l\u2019organisation de l\u2019association \u00e9tudiante <a href=\"https:\/\/blog.ube.fr\/du-etudiants-en-exil\/notre-association\/\">ARAM<\/a>, et au soutien de l\u2019uB et de la R\u00e9gion Bourgogne-Franche-Comt\u00e9, les \u00e9tudiants du DU <em>Passerelle<\/em> ont pu partir d\u00e9but octobre en week-end d\u2019int\u00e9gration. Au programme : accrobranche, gestion collective des repas, soir\u00e9e pour tisser des premiers liens et apprendre \u00e0 se conna\u00eetre et visite du village de <a href=\"https:\/\/fr.wikipedia.org\/wiki\/Bourbon-Lancy\" target=\"_blank\" rel=\"noopener\">Bourbon-Lancy<\/a>.<\/p>\n<p>&nbsp;<\/p>\n<p><img loading=\"lazy\" decoding=\"async\" class=\"alignleft wp-image-849 size-full\" src=\"https:\/\/blog.ube.fr\/du-etudiants-en-exil\/wp-content\/uploads\/sites\/137\/2023\/12\/2023_10_09_actuaite_le_mois_de_rentree.jpg\" alt=\"\" width=\"670\" height=\"503\" srcset=\"https:\/\/blog.ube.fr\/du-etudiants-en-exil\/wp-content\/uploads\/sites\/137\/2023\/12\/2023_10_09_actuaite_le_mois_de_rentree.jpg 670w, https:\/\/blog.ube.fr\/du-etudiants-en-exil\/wp-content\/uploads\/sites\/137\/2023\/12\/2023_10_09_actuaite_le_mois_de_rentree-300x225.jpg 300w\" sizes=\"auto, (max-width: 670px) 100vw, 670px\" \/><\/p>\n<p><img decoding=\"async\" src=\"2023_10_09_actuaite_le_mois_de_rentree\" alt=\"\" \/><\/p>\n","protected":false},"excerpt":{"rendered":"<p>Pour la nouvelle ann\u00e9e universitaire 2023\/2024, le DU Passerelle a le plaisir d\u2019accueillir 77 \u00e9tudiant(e)s issus de 25 nationalit\u00e9s diff\u00e9rentes.<\/p>\n<p class=\"more-link-p\"><a class=\"btn btn-primary\" href=\"https:\/\/blog.ube.fr\/du-etudiants-en-exil\/2023\/10\/09\/le-mois-de-rentree-au-du-passerelle\/\">Voir plus &rarr;<\/a><\/p>\n","protected":false},"author":1847,"featured_media":0,"comment_status":"closed","ping_status":"closed","sticky":false,"template":"","format":"standard","meta":{"footnotes":""},"categories":[33],"tags":[],"class_list":["post-848","post","type-post","status-publish","format-standard","hentry","category-actualites"],"_links":{"self":[{"href":"https:\/\/blog.ube.fr\/du-etudiants-en-exil\/wp-json\/wp\/v2\/posts\/848","targetHints":{"allow":["GET"]}}],"collection":[{"href":"https:\/\/blog.ube.fr\/du-etudiants-en-exil\/wp-json\/wp\/v2\/posts"}],"about":[{"href":"https:\/\/blog.ube.fr\/du-etudiants-en-exil\/wp-json\/wp\/v2\/types\/post"}],"author":[{"embeddable":true,"href":"https:\/\/blog.ube.fr\/du-etudiants-en-exil\/wp-json\/wp\/v2\/users\/1847"}],"replies":[{"embeddable":true,"href":"https:\/\/blog.ube.fr\/du-etudiants-en-exil\/wp-json\/wp\/v2\/comments?post=848"}],"version-history":[{"count":6,"href":"https:\/\/blog.ube.fr\/du-etudiants-en-exil\/wp-json\/wp\/v2\/posts\/848\/revisions"}],"predecessor-version":[{"id":857,"href":"https:\/\/blog.ube.fr\/du-etudiants-en-exil\/wp-json\/wp\/v2\/posts\/848\/revisions\/857"}],"wp:attachment":[{"href":"https:\/\/blog.ube.fr\/du-etudiants-en-exil\/wp-json\/wp\/v2\/media?parent=848"}],"wp:term":[{"taxonomy":"category","embeddable":true,"href":"https:\/\/blog.ube.fr\/du-etudiants-en-exil\/wp-json\/wp\/v2\/categories?post=848"},{"taxonomy":"post_tag","embeddable":true,"href":"https:\/\/blog.ube.fr\/du-etudiants-en-exil\/wp-json\/wp\/v2\/tags?post=848"}],"curies":[{"name":"wp","href":"https:\/\/api.w.org\/{rel}","templated":true}]}}