{"id":836,"date":"2023-10-19T11:56:02","date_gmt":"2023-10-19T09:56:02","guid":{"rendered":"https:\/\/blog.u-bourgogne.fr\/du-etudiants-en-exil\/?p=836"},"modified":"2023-10-19T11:57:37","modified_gmt":"2023-10-19T09:57:37","slug":"soiree-documentaire-et-concert-de-kaboul-a-dijon","status":"publish","type":"post","link":"https:\/\/blog.ube.fr\/du-etudiants-en-exil\/2023\/10\/19\/soiree-documentaire-et-concert-de-kaboul-a-dijon\/","title":{"rendered":"Soir\u00e9e documentaire et concert &#8220;De Kaboul \u00e0 Dijon&#8221;"},"content":{"rendered":"<p>Dans le cadre de la semaine de l&#8217;int\u00e9gration 2023, les \u00e9tudiants de notre DU et l&#8217;association ARAM organisent la soir\u00e9e <em>De Kaboul \u00e0 Dijon<\/em> le vendredi 20 octobre 2023.<!--more--><\/p>\n<p>L&#8217;\u00e9v\u00e9nement aura lieu \u00e0 la MJC des Bourroches, \u00e0 Dijon (31 Bd Eug\u00e8ne Fyot).<\/p>\n<p>La soir\u00e9e d\u00e9butera \u00e0 18h30 par la projection du documentaire <a href=\"https:\/\/www.youtube.com\/watch?v=iBav5grhTqE\" target=\"_blank\" rel=\"noopener\">La vie est comme les vagues<\/a>, et se poursuivra par un concert de musique traditionnelle d&#8217;Afghanistan \u00e0 20h.<\/p>\n<p>Tarif :<\/p>\n<ul>\n<li>1\u20ac pour les \u00e9tudiants, demandeurs d&#8217;emploi, RSA (paiement sur place en esp\u00e8ces le soir de l&#8217;\u00e9v\u00e9nement).<\/li>\n<li>Autres publics : 5\u20ac. Achat <a href=\"https:\/\/shorturl.at\/aemD9?fbclid=IwAR2ZPuaE5ZTxJFJx6jFBpgTc-592eOnJydmzb1ZF4G4f4CD09wulE3Ouivk\" target=\"_blank\" rel=\"noopener\">en ligne<\/a> ou sur place (en esp\u00e8ces uniquement).<\/li>\n<\/ul>\n<p>Le film <em>La vie est comme les vagues<\/em> raconte l\u2019histoire d&#8217;Ahmad Imami, acteur, r\u00e9alisateur et producteur renomm\u00e9 en Afghanistan qui a \u00e9t\u00e9 contraint de s&#8217;exiler en France pour fuir le r\u00e9gime taliban. Une nouvelle vie dans un nouveau pays, o\u00f9 il a rejoint l&#8217;universit\u00e9 de Bourgogne au sein du DU <em>Passerelle<\/em> qui accompagne des r\u00e9fugi\u00e9s et demandeurs d\u2019asile dans leur insertion. Mounir Belbaghdadi, Louis Chevalier et Emma Lahalle ont suivi Ahmad Imami pendant plusieurs mois dans son quotidien, entre souvenirs, doutes et espoirs de retravailler un jour dans le cin\u00e9ma.<\/p>\n","protected":false},"excerpt":{"rendered":"<p>Dans le cadre de la semaine de l&#8217;int\u00e9gration 2023, les \u00e9tudiants de notre DU et l&#8217;association ARAM organisent la soir\u00e9e De Kaboul \u00e0 Dijon le vendredi 20 octobre 2023.<\/p>\n<p class=\"more-link-p\"><a class=\"btn btn-primary\" href=\"https:\/\/blog.ube.fr\/du-etudiants-en-exil\/2023\/10\/19\/soiree-documentaire-et-concert-de-kaboul-a-dijon\/\">Voir plus &rarr;<\/a><\/p>\n","protected":false},"author":1847,"featured_media":0,"comment_status":"closed","ping_status":"closed","sticky":false,"template":"","format":"standard","meta":{"footnotes":""},"categories":[33],"tags":[],"class_list":["post-836","post","type-post","status-publish","format-standard","hentry","category-actualites"],"_links":{"self":[{"href":"https:\/\/blog.ube.fr\/du-etudiants-en-exil\/wp-json\/wp\/v2\/posts\/836","targetHints":{"allow":["GET"]}}],"collection":[{"href":"https:\/\/blog.ube.fr\/du-etudiants-en-exil\/wp-json\/wp\/v2\/posts"}],"about":[{"href":"https:\/\/blog.ube.fr\/du-etudiants-en-exil\/wp-json\/wp\/v2\/types\/post"}],"author":[{"embeddable":true,"href":"https:\/\/blog.ube.fr\/du-etudiants-en-exil\/wp-json\/wp\/v2\/users\/1847"}],"replies":[{"embeddable":true,"href":"https:\/\/blog.ube.fr\/du-etudiants-en-exil\/wp-json\/wp\/v2\/comments?post=836"}],"version-history":[{"count":3,"href":"https:\/\/blog.ube.fr\/du-etudiants-en-exil\/wp-json\/wp\/v2\/posts\/836\/revisions"}],"predecessor-version":[{"id":840,"href":"https:\/\/blog.ube.fr\/du-etudiants-en-exil\/wp-json\/wp\/v2\/posts\/836\/revisions\/840"}],"wp:attachment":[{"href":"https:\/\/blog.ube.fr\/du-etudiants-en-exil\/wp-json\/wp\/v2\/media?parent=836"}],"wp:term":[{"taxonomy":"category","embeddable":true,"href":"https:\/\/blog.ube.fr\/du-etudiants-en-exil\/wp-json\/wp\/v2\/categories?post=836"},{"taxonomy":"post_tag","embeddable":true,"href":"https:\/\/blog.ube.fr\/du-etudiants-en-exil\/wp-json\/wp\/v2\/tags?post=836"}],"curies":[{"name":"wp","href":"https:\/\/api.w.org\/{rel}","templated":true}]}}