{"id":805,"date":"2023-05-31T09:25:45","date_gmt":"2023-05-31T07:25:45","guid":{"rendered":"https:\/\/blog.u-bourgogne.fr\/du-etudiants-en-exil\/?p=805"},"modified":"2023-12-22T15:20:22","modified_gmt":"2023-12-22T14:20:22","slug":"ceremonie-de-remise-des-attestations-de-reussite","status":"publish","type":"post","link":"https:\/\/blog.ube.fr\/du-etudiants-en-exil\/2023\/05\/31\/ceremonie-de-remise-des-attestations-de-reussite\/","title":{"rendered":"C\u00e9r\u00e9monie de remise des attestations de r\u00e9ussite"},"content":{"rendered":"<p>Les \u00e9tudiants de la promotion 2022\/2023 se sont vus remettre leurs attestations de r\u00e9ussite au DU <em>Passerelle<\/em> le jeudi 25 mai 2023 lors d&#8217;une c\u00e9r\u00e9monie organis\u00e9e \u00e0 la Maison de l&#8217;Universit\u00e9, sur le campus de Dijon. <!--more--><\/p>\n<p>Cette c\u00e9r\u00e9monie a \u00e9t\u00e9 l&#8217;occasion d&#8217;\u00e9couter les t\u00e9moignages de plusieurs anciens \u00e9tudiants pass\u00e9s par le DU, toujours en \u00e9tudes ou ins\u00e9r\u00e9s dans le monde professionnel, et de certains des enseignants qui les ont re\u00e7us en formation.<\/p>\n<p>Nous avons eu la chance d&#8217;accueillir et d&#8217;entendre :<\/p>\n<ul>\n<li>Sajjad SAFI, promo 2021-2022, actuellement en premi\u00e8re ann\u00e9e de master <a href=\"https:\/\/iae.u-bourgogne.fr\/en\/international-master-in-business-studies\/\" target=\"_blank\" rel=\"noopener\">International Master in Business Studies<\/a> \u00e0 l\u2019uB, et \u00c9ric Combet, en charge du secr\u00e9tariat p\u00e9dagogique (<a href=\"https:\/\/iae.u-bourgogne.fr\/\" target=\"_blank\" rel=\"noopener\">IAE<\/a>) ;<\/li>\n<li>Algina GRADICA, promo 2020-2021, actuellement en L2 <a href=\"https:\/\/ufr-dsep.u-bourgogne.fr\/formations\/licences\/administration-et-gestion-des-entreprises.html\" target=\"_blank\" rel=\"noopener\">Administration \u00e9conomique et sociale<\/a> \u00e0 l\u2019uB, et Fr\u00e9d\u00e9ric COULON, enseignant de Gestion ;<\/li>\n<li>Ga\u00efsa GINAYATOV, promo 2020-2021, actuellement en deuxi\u00e8me ann\u00e9e de BTS <em>B\u00e2timent<\/em>, au <a href=\"https:\/\/lyc-lesmarcsdor-dijon.eclat-bfc.fr\/\" target=\"_blank\" rel=\"noopener\">lyc\u00e9e des Marcs d\u2019Or<\/a> \u00e0 Dijon, et Philippe GARNIER, enseignant des Marcs d\u2019Or ;<\/li>\n<li>Ibrahim ADAM, promo 2018-2019, actuellement salari\u00e9 chez <a href=\"https:\/\/www.rte-france.com\/\" target=\"_blank\" rel=\"noopener\">RTE<\/a> (R\u00e9seau de transport d&#8217;\u00e9lectricit\u00e9), pass\u00e9 par le DUT G\u00e9nie \u00e9lectrique et informatique industrielle, \u00e0 l\u2019<a href=\"https:\/\/iutlecreusot.u-bourgogne.fr\/\" target=\"_blank\" rel=\"noopener\">IUT du Creusot<\/a>, et Olivier AUBRETON, ma\u00eetre de conf\u00e9rences et directeur de l\u2019IUT du Creusot ;<\/li>\n<li>Tarek ALKALED, promo 2016-2017, dentiste au CHU de Dijon.<\/li>\n<\/ul>\n<p>Ils ont ainsi partag\u00e9, avec les \u00e9tudiants fraichement dipl\u00f4m\u00e9s, les richesses de leurs diff\u00e9rents parcours personnels, leurs exp\u00e9riences \u00e0 la sortie du DU et leur int\u00e9gration dans des milieux universitaires et professionnels diff\u00e9rents.<\/p>\n<p>&nbsp;<\/p>\n<p><img loading=\"lazy\" decoding=\"async\" src=\"https:\/\/blog.ube.fr\/du-etudiants-en-exil\/wp-content\/uploads\/sites\/137\/2023\/05\/2023_05_25_actualite_remise_de_diplomes.jpg\" alt=\"\" width=\"670\" height=\"502\" \/><\/p>\n","protected":false},"excerpt":{"rendered":"<p>Les \u00e9tudiants de la promotion 2022\/2023 se sont vus remettre leurs attestations de r\u00e9ussite au DU Passerelle le jeudi 25 mai 2023 lors d&#8217;une c\u00e9r\u00e9monie organis\u00e9e \u00e0 la Maison de l&#8217;Universit\u00e9, sur le campus de Dijon.<\/p>\n<p class=\"more-link-p\"><a class=\"btn btn-primary\" href=\"https:\/\/blog.ube.fr\/du-etudiants-en-exil\/2023\/05\/31\/ceremonie-de-remise-des-attestations-de-reussite\/\">Voir plus &rarr;<\/a><\/p>\n","protected":false},"author":1847,"featured_media":0,"comment_status":"closed","ping_status":"closed","sticky":false,"template":"","format":"standard","meta":{"footnotes":""},"categories":[33],"tags":[],"class_list":["post-805","post","type-post","status-publish","format-standard","hentry","category-actualites"],"_links":{"self":[{"href":"https:\/\/blog.ube.fr\/du-etudiants-en-exil\/wp-json\/wp\/v2\/posts\/805","targetHints":{"allow":["GET"]}}],"collection":[{"href":"https:\/\/blog.ube.fr\/du-etudiants-en-exil\/wp-json\/wp\/v2\/posts"}],"about":[{"href":"https:\/\/blog.ube.fr\/du-etudiants-en-exil\/wp-json\/wp\/v2\/types\/post"}],"author":[{"embeddable":true,"href":"https:\/\/blog.ube.fr\/du-etudiants-en-exil\/wp-json\/wp\/v2\/users\/1847"}],"replies":[{"embeddable":true,"href":"https:\/\/blog.ube.fr\/du-etudiants-en-exil\/wp-json\/wp\/v2\/comments?post=805"}],"version-history":[{"count":10,"href":"https:\/\/blog.ube.fr\/du-etudiants-en-exil\/wp-json\/wp\/v2\/posts\/805\/revisions"}],"predecessor-version":[{"id":855,"href":"https:\/\/blog.ube.fr\/du-etudiants-en-exil\/wp-json\/wp\/v2\/posts\/805\/revisions\/855"}],"wp:attachment":[{"href":"https:\/\/blog.ube.fr\/du-etudiants-en-exil\/wp-json\/wp\/v2\/media?parent=805"}],"wp:term":[{"taxonomy":"category","embeddable":true,"href":"https:\/\/blog.ube.fr\/du-etudiants-en-exil\/wp-json\/wp\/v2\/categories?post=805"},{"taxonomy":"post_tag","embeddable":true,"href":"https:\/\/blog.ube.fr\/du-etudiants-en-exil\/wp-json\/wp\/v2\/tags?post=805"}],"curies":[{"name":"wp","href":"https:\/\/api.w.org\/{rel}","templated":true}]}}