{"id":798,"date":"2023-03-22T14:10:42","date_gmt":"2023-03-22T13:10:42","guid":{"rendered":"https:\/\/blog.u-bourgogne.fr\/du-etudiants-en-exil\/?p=798"},"modified":"2023-03-22T14:10:42","modified_gmt":"2023-03-22T13:10:42","slug":"candidatures-pour-lannee-2023-2024","status":"publish","type":"post","link":"https:\/\/blog.ube.fr\/du-etudiants-en-exil\/2023\/03\/22\/candidatures-pour-lannee-2023-2024\/","title":{"rendered":"Candidatures pour l\u2019ann\u00e9e 2023\/2024"},"content":{"rendered":"<p>Les candidatures pour int\u00e9grer le DU <em>Passerelle \u2013 \u00c9tudiants en exil<\/em> en 2023\/2024 seront ouvertes du 30 mars au 20 mai 2023. <!--more--><br \/>\nRetrouvez toutes les informations sur l\u2019\u00e9ligibilit\u00e9 et la proc\u00e9dure de candidature dans la rubrique <a href=\"https:\/\/blog.ube.fr\/du-etudiants-en-exil\/candidature\/\" rel=\"\">Candidature<\/a>.<\/p>\n","protected":false},"excerpt":{"rendered":"<p>Les candidatures pour int\u00e9grer le DU Passerelle \u2013 \u00c9tudiants en exil en 2023\/2024 seront ouvertes du 30 mars au 20 mai 2023.<\/p>\n<p class=\"more-link-p\"><a class=\"btn btn-primary\" href=\"https:\/\/blog.ube.fr\/du-etudiants-en-exil\/2023\/03\/22\/candidatures-pour-lannee-2023-2024\/\">Voir plus &rarr;<\/a><\/p>\n","protected":false},"author":1847,"featured_media":0,"comment_status":"closed","ping_status":"closed","sticky":false,"template":"","format":"standard","meta":{"footnotes":""},"categories":[33],"tags":[],"class_list":["post-798","post","type-post","status-publish","format-standard","hentry","category-actualites"],"_links":{"self":[{"href":"https:\/\/blog.ube.fr\/du-etudiants-en-exil\/wp-json\/wp\/v2\/posts\/798","targetHints":{"allow":["GET"]}}],"collection":[{"href":"https:\/\/blog.ube.fr\/du-etudiants-en-exil\/wp-json\/wp\/v2\/posts"}],"about":[{"href":"https:\/\/blog.ube.fr\/du-etudiants-en-exil\/wp-json\/wp\/v2\/types\/post"}],"author":[{"embeddable":true,"href":"https:\/\/blog.ube.fr\/du-etudiants-en-exil\/wp-json\/wp\/v2\/users\/1847"}],"replies":[{"embeddable":true,"href":"https:\/\/blog.ube.fr\/du-etudiants-en-exil\/wp-json\/wp\/v2\/comments?post=798"}],"version-history":[{"count":1,"href":"https:\/\/blog.ube.fr\/du-etudiants-en-exil\/wp-json\/wp\/v2\/posts\/798\/revisions"}],"predecessor-version":[{"id":799,"href":"https:\/\/blog.ube.fr\/du-etudiants-en-exil\/wp-json\/wp\/v2\/posts\/798\/revisions\/799"}],"wp:attachment":[{"href":"https:\/\/blog.ube.fr\/du-etudiants-en-exil\/wp-json\/wp\/v2\/media?parent=798"}],"wp:term":[{"taxonomy":"category","embeddable":true,"href":"https:\/\/blog.ube.fr\/du-etudiants-en-exil\/wp-json\/wp\/v2\/categories?post=798"},{"taxonomy":"post_tag","embeddable":true,"href":"https:\/\/blog.ube.fr\/du-etudiants-en-exil\/wp-json\/wp\/v2\/tags?post=798"}],"curies":[{"name":"wp","href":"https:\/\/api.w.org\/{rel}","templated":true}]}}