{"id":757,"date":"2022-07-19T17:01:48","date_gmt":"2022-07-19T15:01:48","guid":{"rendered":"https:\/\/blog.u-bourgogne.fr\/du-etudiants-en-exil\/?p=757"},"modified":"2022-07-19T17:04:11","modified_gmt":"2022-07-19T15:04:11","slug":"mission-service-civique","status":"publish","type":"post","link":"https:\/\/blog.ube.fr\/du-etudiants-en-exil\/2022\/07\/19\/mission-service-civique\/","title":{"rendered":"Mission service civique"},"content":{"rendered":"<p>Nous recrutons une personne en service civique pour notre dipl\u00f4me universitaire (DU) &#8220;Passerelle &#8211; \u00c9tudiants en exil&#8221;.<!--more--><\/p>\n<p>Les missions du service civique seront les suivantes :<\/p>\n<ul>\n<li>faciliter l\u2019adaptation des \u00e9tudiants en exil \u00e0 leur cursus en leur fournissant des informations et en r\u00e9pondant \u00e0 leurs questions concernant l\u2019organisation administrative et mat\u00e9rielle de leur formation,<\/li>\n<li>g\u00e9rer les pr\u00eats de manuels,<\/li>\n<li>suivre les d\u00e9marches et les relations avec les services du CROUS,<\/li>\n<li>participer au suivi administratif du programme,<\/li>\n<li>organiser et animer des \u00e9v\u00e9nements et des sorties \u00e9ducatives ou culturelles en lien avec les apprentissages,<\/li>\n<li>pr\u00e9senter et faciliter l\u2019acc\u00e8s des \u00e9tudiants aux \u00e9v\u00e9nements, activit\u00e9s culturelles et aux associations \u00e0 l\u2019initiative de projets sur le campus et \u00e0 Dijon,<\/li>\n<li>faciliter leur int\u00e9gration dans les activit\u00e9s sportives propos\u00e9es par le service des sports de l\u2019universit\u00e9 ou dans les associations sportives.<\/li>\n<\/ul>\n<p style=\"text-align: center;\"><em>La mission ne requiert pas de comp\u00e9tences sp\u00e9cifiques mais exige en revanche une ouverture et une aisance dans la relation \u00e0 autrui, une certaine cr\u00e9ativit\u00e9 et autonomie dans les activit\u00e9s propos\u00e9es et un go\u00fbt pour le travail en \u00e9quipe et le suivi administratif. Le candidat sera amen\u00e9 \u00e0 utiliser les outils informatiques et num\u00e9riques au quotidien.<\/em><\/p>\n<p><strong>O\u00f9 ?<\/strong> Facult\u00e9 de lettres et philosophie, 2 boulevard Gabriel, 21000 Dijon.<\/p>\n<p><strong>Quand?<\/strong> Septembre 2022 \/ mai 2022 (8 mois).<\/p>\n<p><strong>Indemnit\u00e9<\/strong> : le.la volontaire percevra une indemnit\u00e9 mensuelle cumul\u00e9e de l\u2019\u00c9tat et de la structure de 580\u20ac.<\/p>\n<p><strong>Candidature<\/strong> : <a href=\"mailto:pierre.ferrey@u-bourgogne.fr\">pierre.ferrey@u-bourgogne.fr<\/a> et <a href=\"mailto:claire.despierres@u-bourgogne.fr\">claire.despierres@u-bourgogne.fr<\/a>.<\/p>\n","protected":false},"excerpt":{"rendered":"<p>Nous recrutons une personne en service civique pour notre dipl\u00f4me universitaire (DU) &#8220;Passerelle &#8211; \u00c9tudiants en exil&#8221;.<\/p>\n<p class=\"more-link-p\"><a class=\"btn btn-primary\" href=\"https:\/\/blog.ube.fr\/du-etudiants-en-exil\/2022\/07\/19\/mission-service-civique\/\">Voir plus &rarr;<\/a><\/p>\n","protected":false},"author":1847,"featured_media":0,"comment_status":"closed","ping_status":"closed","sticky":false,"template":"","format":"standard","meta":{"footnotes":""},"categories":[33],"tags":[],"class_list":["post-757","post","type-post","status-publish","format-standard","hentry","category-actualites"],"_links":{"self":[{"href":"https:\/\/blog.ube.fr\/du-etudiants-en-exil\/wp-json\/wp\/v2\/posts\/757","targetHints":{"allow":["GET"]}}],"collection":[{"href":"https:\/\/blog.ube.fr\/du-etudiants-en-exil\/wp-json\/wp\/v2\/posts"}],"about":[{"href":"https:\/\/blog.ube.fr\/du-etudiants-en-exil\/wp-json\/wp\/v2\/types\/post"}],"author":[{"embeddable":true,"href":"https:\/\/blog.ube.fr\/du-etudiants-en-exil\/wp-json\/wp\/v2\/users\/1847"}],"replies":[{"embeddable":true,"href":"https:\/\/blog.ube.fr\/du-etudiants-en-exil\/wp-json\/wp\/v2\/comments?post=757"}],"version-history":[{"count":4,"href":"https:\/\/blog.ube.fr\/du-etudiants-en-exil\/wp-json\/wp\/v2\/posts\/757\/revisions"}],"predecessor-version":[{"id":761,"href":"https:\/\/blog.ube.fr\/du-etudiants-en-exil\/wp-json\/wp\/v2\/posts\/757\/revisions\/761"}],"wp:attachment":[{"href":"https:\/\/blog.ube.fr\/du-etudiants-en-exil\/wp-json\/wp\/v2\/media?parent=757"}],"wp:term":[{"taxonomy":"category","embeddable":true,"href":"https:\/\/blog.ube.fr\/du-etudiants-en-exil\/wp-json\/wp\/v2\/categories?post=757"},{"taxonomy":"post_tag","embeddable":true,"href":"https:\/\/blog.ube.fr\/du-etudiants-en-exil\/wp-json\/wp\/v2\/tags?post=757"}],"curies":[{"name":"wp","href":"https:\/\/api.w.org\/{rel}","templated":true}]}}