{"id":1127,"date":"2026-03-26T11:55:21","date_gmt":"2026-03-26T10:55:21","guid":{"rendered":"https:\/\/blog.ube.fr\/du-etudiants-en-exil\/?p=1127"},"modified":"2026-04-02T17:10:27","modified_gmt":"2026-04-02T15:10:27","slug":"retour-sur-la-semaine-artistique","status":"publish","type":"post","link":"https:\/\/blog.ube.fr\/du-etudiants-en-exil\/2026\/03\/26\/retour-sur-la-semaine-artistique\/","title":{"rendered":"Retour sur la Semaine artistique"},"content":{"rendered":"<p>Les \u00e9tudiants du DU ont particip\u00e9\u00a0\u00e0 des ateliers men\u00e9s par des intervenants professionnels en BD, danse, photo, th\u00e9\u00e2tre et radio.<!--more--><\/p>\n<p>D\u00e9couvrez en vid\u00e9o les activit\u00e9s de la Semaine artistique qui a eu lieu en janvier 2026.<\/p>\n<p><iframe loading=\"lazy\" height=\"140\" src=\"\/\/www.youtube.com\/embed\/hUM7UKMrtdY\" width=\"250\"><\/iframe><\/p>\n<hr \/>\n<p>Consultez \u00e9galement la <a href=\"https:\/\/www.youtube.com\/watch?v=678Ej-Cfr10&amp;t=343s\">version longue <\/a>(29min).<\/p>\n<p><em>Vid\u00e9o r\u00e9alis\u00e9e par Amanullah Qaisari, journaliste afghan, \u00e9tudiant du DU en 2025\/2026.<\/em><\/p>\n","protected":false},"excerpt":{"rendered":"<p>Les \u00e9tudiants du DU ont particip\u00e9\u00a0\u00e0 des ateliers men\u00e9s par des intervenants professionnels en BD, danse, photo, th\u00e9\u00e2tre et radio.<\/p>\n<p class=\"more-link-p\"><a class=\"btn btn-primary\" href=\"https:\/\/blog.ube.fr\/du-etudiants-en-exil\/2026\/03\/26\/retour-sur-la-semaine-artistique\/\">Voir plus &rarr;<\/a><\/p>\n","protected":false},"author":1847,"featured_media":0,"comment_status":"closed","ping_status":"closed","sticky":false,"template":"","format":"standard","meta":{"footnotes":""},"categories":[33],"tags":[],"class_list":["post-1127","post","type-post","status-publish","format-standard","hentry","category-actualites"],"_links":{"self":[{"href":"https:\/\/blog.ube.fr\/du-etudiants-en-exil\/wp-json\/wp\/v2\/posts\/1127","targetHints":{"allow":["GET"]}}],"collection":[{"href":"https:\/\/blog.ube.fr\/du-etudiants-en-exil\/wp-json\/wp\/v2\/posts"}],"about":[{"href":"https:\/\/blog.ube.fr\/du-etudiants-en-exil\/wp-json\/wp\/v2\/types\/post"}],"author":[{"embeddable":true,"href":"https:\/\/blog.ube.fr\/du-etudiants-en-exil\/wp-json\/wp\/v2\/users\/1847"}],"replies":[{"embeddable":true,"href":"https:\/\/blog.ube.fr\/du-etudiants-en-exil\/wp-json\/wp\/v2\/comments?post=1127"}],"version-history":[{"count":2,"href":"https:\/\/blog.ube.fr\/du-etudiants-en-exil\/wp-json\/wp\/v2\/posts\/1127\/revisions"}],"predecessor-version":[{"id":1137,"href":"https:\/\/blog.ube.fr\/du-etudiants-en-exil\/wp-json\/wp\/v2\/posts\/1127\/revisions\/1137"}],"wp:attachment":[{"href":"https:\/\/blog.ube.fr\/du-etudiants-en-exil\/wp-json\/wp\/v2\/media?parent=1127"}],"wp:term":[{"taxonomy":"category","embeddable":true,"href":"https:\/\/blog.ube.fr\/du-etudiants-en-exil\/wp-json\/wp\/v2\/categories?post=1127"},{"taxonomy":"post_tag","embeddable":true,"href":"https:\/\/blog.ube.fr\/du-etudiants-en-exil\/wp-json\/wp\/v2\/tags?post=1127"}],"curies":[{"name":"wp","href":"https:\/\/api.w.org\/{rel}","templated":true}]}}