{"id":1058,"date":"2026-03-11T10:44:39","date_gmt":"2026-03-11T09:44:39","guid":{"rendered":"https:\/\/blog.ube.fr\/du-etudiants-en-exil\/?p=1058"},"modified":"2026-03-11T11:53:53","modified_gmt":"2026-03-11T10:53:53","slug":"ma-langue-on-en-parle","status":"publish","type":"post","link":"https:\/\/blog.ube.fr\/du-etudiants-en-exil\/2026\/03\/11\/ma-langue-on-en-parle\/","title":{"rendered":"Semaine des langues vivantes : \u00e9v\u00e9nement &#8220;Ma langue, on en parle ?&#8221;"},"content":{"rendered":"<p>Nos \u00e9tudiants vous proposent des initiations d&#8217;une heure \u00e0 13 des langues pr\u00e9sentes au DU cette ann\u00e9e ! <!--more--><\/p>\n<p>Le temps d\u2019une matin\u00e9e, l\u2019Universit\u00e9 se transformera en laboratoire linguistique o\u00f9 vous pourrez vous initier aux calligraphies arabe ou cingalaise, pratiquer la phon\u00e9tique des langues persane ou g\u00e9orgienne ou encore d\u00e9couvrir les sp\u00e9cificit\u00e9s syntaxiques de l\u2019ukrainien ou du pacht.<\/p>\n<p>Cette <em>Journ\u00e9e des langues<\/em> aura lieu le mercredi 25 mars 2026 de 9h \u00e0 12h au <a href=\"https:\/\/maps.app.goo.gl\/NSaWDcdpcUMPBvZX7\" target=\"_blank\" rel=\"noopener\">Centre des langues et des cultures pour tous<\/a> situ\u00e9 dans l&#8217;extension du b\u00e2timent <em>Droit-Lettres<\/em> (3<sup>\u00e8me<\/sup> \u00e9tage &#8211; bureau 360) \u00e0 l&#8217;Universit\u00e9 Bourgogne Europe.<\/p>\n<ul>\n<li>\u00c9v\u00e9nement gratuit.<\/li>\n<li>Inscrivez-vous via <a href=\"https:\/\/docs.google.com\/forms\/d\/e\/1FAIpQLSdzSwsGlricICtDOfki9S8gci4x4XRKqunW2vKYrTjHkmOYdQ\/viewform\" target=\"_blank\" rel=\"noopener\">ce lien<\/a> et indiquez la lague que vous souhaiteriez d\u00e9couvrir.<\/li>\n<\/ul>\n<p>Cet \u00e9v\u00e9nement s\u2019inscrit dans le cadre de la <a href=\"https:\/\/www.education.gouv.fr\/semaine-des-langues-vivantes-465951\" target=\"_blank\" rel=\"noopener\">Semaine des langues vivantes<\/a>, destin\u00e9e \u00e0 faire la promotion de la diversit\u00e9 linguistique et constitue un temps fort pour encourager la pratique des langues.<\/p>\n<p><img loading=\"lazy\" decoding=\"async\" class=\"\" src=\"https:\/\/blog.ube.fr\/du-etudiants-en-exil\/wp-content\/uploads\/sites\/137\/2026\/03\/2026_03_25_Ma-langue-on-en-parle.jpeg\" alt=\"\" width=\"525\" height=\"743\" \/><\/p>\n","protected":false},"excerpt":{"rendered":"<p>Nos \u00e9tudiants vous proposent des initiations d&#8217;une heure \u00e0 13 des langues pr\u00e9sentes au DU cette ann\u00e9e !<\/p>\n<p class=\"more-link-p\"><a class=\"btn btn-primary\" href=\"https:\/\/blog.ube.fr\/du-etudiants-en-exil\/2026\/03\/11\/ma-langue-on-en-parle\/\">Voir plus &rarr;<\/a><\/p>\n","protected":false},"author":1847,"featured_media":0,"comment_status":"closed","ping_status":"closed","sticky":false,"template":"","format":"standard","meta":{"footnotes":""},"categories":[33],"tags":[],"class_list":["post-1058","post","type-post","status-publish","format-standard","hentry","category-actualites"],"_links":{"self":[{"href":"https:\/\/blog.ube.fr\/du-etudiants-en-exil\/wp-json\/wp\/v2\/posts\/1058","targetHints":{"allow":["GET"]}}],"collection":[{"href":"https:\/\/blog.ube.fr\/du-etudiants-en-exil\/wp-json\/wp\/v2\/posts"}],"about":[{"href":"https:\/\/blog.ube.fr\/du-etudiants-en-exil\/wp-json\/wp\/v2\/types\/post"}],"author":[{"embeddable":true,"href":"https:\/\/blog.ube.fr\/du-etudiants-en-exil\/wp-json\/wp\/v2\/users\/1847"}],"replies":[{"embeddable":true,"href":"https:\/\/blog.ube.fr\/du-etudiants-en-exil\/wp-json\/wp\/v2\/comments?post=1058"}],"version-history":[{"count":8,"href":"https:\/\/blog.ube.fr\/du-etudiants-en-exil\/wp-json\/wp\/v2\/posts\/1058\/revisions"}],"predecessor-version":[{"id":1072,"href":"https:\/\/blog.ube.fr\/du-etudiants-en-exil\/wp-json\/wp\/v2\/posts\/1058\/revisions\/1072"}],"wp:attachment":[{"href":"https:\/\/blog.ube.fr\/du-etudiants-en-exil\/wp-json\/wp\/v2\/media?parent=1058"}],"wp:term":[{"taxonomy":"category","embeddable":true,"href":"https:\/\/blog.ube.fr\/du-etudiants-en-exil\/wp-json\/wp\/v2\/categories?post=1058"},{"taxonomy":"post_tag","embeddable":true,"href":"https:\/\/blog.ube.fr\/du-etudiants-en-exil\/wp-json\/wp\/v2\/tags?post=1058"}],"curies":[{"name":"wp","href":"https:\/\/api.w.org\/{rel}","templated":true}]}}