{"id":1048,"date":"2026-02-12T12:35:22","date_gmt":"2026-02-12T11:35:22","guid":{"rendered":"https:\/\/blog.u-bourgogne.fr\/du-etudiants-en-exil\/?p=1048"},"modified":"2026-02-12T12:35:22","modified_gmt":"2026-02-12T11:35:22","slug":"candidatures-pour-lannee-2026-2027","status":"publish","type":"post","link":"https:\/\/blog.ube.fr\/du-etudiants-en-exil\/2026\/02\/12\/candidatures-pour-lannee-2026-2027\/","title":{"rendered":"Candidatures pour l\u2019ann\u00e9e 2026\/2027"},"content":{"rendered":"<p>Les candidatures pour int\u00e9grer le DU\u00a0<em>Passerelle \u2013 \u00c9tudiants en exil<\/em> en 2026\/2027 seront ouvertes du 9 mars au 8 mai 2026.<!--more--><\/p>\n<p>Retrouvez toutes les informations sur l\u2019\u00e9ligibilit\u00e9 et la proc\u00e9dure de candidature dans la rubrique\u00a0<a href=\"https:\/\/blog.ube.fr\/du-etudiants-en-exil\/candidature\/\" rel=\"\">Candidature<\/a>.<\/p>\n","protected":false},"excerpt":{"rendered":"<p>Les candidatures pour int\u00e9grer le DU\u00a0Passerelle \u2013 \u00c9tudiants en exil en 2026\/2027 seront ouvertes du 9 mars au 8 mai 2026.<\/p>\n<p class=\"more-link-p\"><a class=\"btn btn-primary\" href=\"https:\/\/blog.ube.fr\/du-etudiants-en-exil\/2026\/02\/12\/candidatures-pour-lannee-2026-2027\/\">Voir plus &rarr;<\/a><\/p>\n","protected":false},"author":1847,"featured_media":0,"comment_status":"closed","ping_status":"closed","sticky":false,"template":"","format":"standard","meta":{"footnotes":""},"categories":[33],"tags":[],"class_list":["post-1048","post","type-post","status-publish","format-standard","hentry","category-actualites"],"_links":{"self":[{"href":"https:\/\/blog.ube.fr\/du-etudiants-en-exil\/wp-json\/wp\/v2\/posts\/1048","targetHints":{"allow":["GET"]}}],"collection":[{"href":"https:\/\/blog.ube.fr\/du-etudiants-en-exil\/wp-json\/wp\/v2\/posts"}],"about":[{"href":"https:\/\/blog.ube.fr\/du-etudiants-en-exil\/wp-json\/wp\/v2\/types\/post"}],"author":[{"embeddable":true,"href":"https:\/\/blog.ube.fr\/du-etudiants-en-exil\/wp-json\/wp\/v2\/users\/1847"}],"replies":[{"embeddable":true,"href":"https:\/\/blog.ube.fr\/du-etudiants-en-exil\/wp-json\/wp\/v2\/comments?post=1048"}],"version-history":[{"count":1,"href":"https:\/\/blog.ube.fr\/du-etudiants-en-exil\/wp-json\/wp\/v2\/posts\/1048\/revisions"}],"predecessor-version":[{"id":1049,"href":"https:\/\/blog.ube.fr\/du-etudiants-en-exil\/wp-json\/wp\/v2\/posts\/1048\/revisions\/1049"}],"wp:attachment":[{"href":"https:\/\/blog.ube.fr\/du-etudiants-en-exil\/wp-json\/wp\/v2\/media?parent=1048"}],"wp:term":[{"taxonomy":"category","embeddable":true,"href":"https:\/\/blog.ube.fr\/du-etudiants-en-exil\/wp-json\/wp\/v2\/categories?post=1048"},{"taxonomy":"post_tag","embeddable":true,"href":"https:\/\/blog.ube.fr\/du-etudiants-en-exil\/wp-json\/wp\/v2\/tags?post=1048"}],"curies":[{"name":"wp","href":"https:\/\/api.w.org\/{rel}","templated":true}]}}