{"id":1022,"date":"2025-06-13T10:22:01","date_gmt":"2025-06-13T08:22:01","guid":{"rendered":"https:\/\/blog.u-bourgogne.fr\/du-etudiants-en-exil\/?p=1022"},"modified":"2025-06-13T10:23:39","modified_gmt":"2025-06-13T08:23:39","slug":"8eme-ceremonie-de-remise-des-diplomes","status":"publish","type":"post","link":"https:\/\/blog.ube.fr\/du-etudiants-en-exil\/2025\/06\/13\/8eme-ceremonie-de-remise-des-diplomes\/","title":{"rendered":"8\u00e8me c\u00e9r\u00e9monie de remise des dipl\u00f4mes"},"content":{"rendered":"<p>La 8<sup>\u00e8me<\/sup> c\u00e9r\u00e9monie de remise des dipl\u00f4mes du DU <em>Passerelle \u2013 \u00c9tudiants en exil<\/em> a eu lieu le lundi 26 mai 2025 dans la salle Multiplex sur le campus dijonnais.\u00a0Un temps fort qui a c\u00e9l\u00e9br\u00e9 le parcours et la r\u00e9ussite de 76 \u00e9tudiants.<!--more--><\/p>\n<p>Retrouvez l&#8217;<a href=\"https:\/\/www.ube.fr\/8eme-ceremonie-de-remise-des-diplomes-du-d-u-passerelle-etudiants-en-exil\/\" target=\"_blank\" rel=\"noopener\">article complet<\/a> sur le site web de l&#8217;Universit\u00e9 Bourgogne Europe.<\/p>\n<p><img loading=\"lazy\" decoding=\"async\" class=\"\" src=\"https:\/\/blog.ube.fr\/du-etudiants-en-exil\/wp-content\/uploads\/sites\/137\/2025\/06\/2025_06_13_actualite_remise_des_diplomes.jpg\" alt=\"\" width=\"571\" height=\"428\" \/><\/p>\n","protected":false},"excerpt":{"rendered":"<p>La 8\u00e8me c\u00e9r\u00e9monie de remise des dipl\u00f4mes du DU Passerelle \u2013 \u00c9tudiants en exil a eu lieu le lundi 26 mai 2025 dans la salle Multiplex sur le campus dijonnais.\u00a0Un temps fort qui a c\u00e9l\u00e9br\u00e9 le parcours et la r\u00e9ussite de 76 \u00e9tudiants.<\/p>\n<p class=\"more-link-p\"><a class=\"btn btn-primary\" href=\"https:\/\/blog.ube.fr\/du-etudiants-en-exil\/2025\/06\/13\/8eme-ceremonie-de-remise-des-diplomes\/\">Voir plus &rarr;<\/a><\/p>\n","protected":false},"author":1847,"featured_media":0,"comment_status":"closed","ping_status":"closed","sticky":false,"template":"","format":"standard","meta":{"footnotes":""},"categories":[33],"tags":[],"class_list":["post-1022","post","type-post","status-publish","format-standard","hentry","category-actualites"],"_links":{"self":[{"href":"https:\/\/blog.ube.fr\/du-etudiants-en-exil\/wp-json\/wp\/v2\/posts\/1022","targetHints":{"allow":["GET"]}}],"collection":[{"href":"https:\/\/blog.ube.fr\/du-etudiants-en-exil\/wp-json\/wp\/v2\/posts"}],"about":[{"href":"https:\/\/blog.ube.fr\/du-etudiants-en-exil\/wp-json\/wp\/v2\/types\/post"}],"author":[{"embeddable":true,"href":"https:\/\/blog.ube.fr\/du-etudiants-en-exil\/wp-json\/wp\/v2\/users\/1847"}],"replies":[{"embeddable":true,"href":"https:\/\/blog.ube.fr\/du-etudiants-en-exil\/wp-json\/wp\/v2\/comments?post=1022"}],"version-history":[{"count":2,"href":"https:\/\/blog.ube.fr\/du-etudiants-en-exil\/wp-json\/wp\/v2\/posts\/1022\/revisions"}],"predecessor-version":[{"id":1025,"href":"https:\/\/blog.ube.fr\/du-etudiants-en-exil\/wp-json\/wp\/v2\/posts\/1022\/revisions\/1025"}],"wp:attachment":[{"href":"https:\/\/blog.ube.fr\/du-etudiants-en-exil\/wp-json\/wp\/v2\/media?parent=1022"}],"wp:term":[{"taxonomy":"category","embeddable":true,"href":"https:\/\/blog.ube.fr\/du-etudiants-en-exil\/wp-json\/wp\/v2\/categories?post=1022"},{"taxonomy":"post_tag","embeddable":true,"href":"https:\/\/blog.ube.fr\/du-etudiants-en-exil\/wp-json\/wp\/v2\/tags?post=1022"}],"curies":[{"name":"wp","href":"https:\/\/api.w.org\/{rel}","templated":true}]}}