{"id":1016,"date":"2025-03-10T10:00:37","date_gmt":"2025-03-10T09:00:37","guid":{"rendered":"https:\/\/blog.u-bourgogne.fr\/du-etudiants-en-exil\/?p=1016"},"modified":"2025-03-10T10:01:06","modified_gmt":"2025-03-10T09:01:06","slug":"candidatures-pour-lannee-2025-2026","status":"publish","type":"post","link":"https:\/\/blog.ube.fr\/du-etudiants-en-exil\/2025\/03\/10\/candidatures-pour-lannee-2025-2026\/","title":{"rendered":"Candidatures pour l\u2019ann\u00e9e 2025\/2026"},"content":{"rendered":"<p>Les candidatures pour int\u00e9grer le DU <em>Passerelle \u2013 \u00c9tudiants en exil<\/em> en 2025\/2026 seront ouvertes du 10 mars au 11 mai 2025.<!--more--><\/p>\n<p>Retrouvez toutes les informations sur l\u2019\u00e9ligibilit\u00e9 et la proc\u00e9dure de candidature dans la rubrique <a href=\"https:\/\/blog.ube.fr\/du-etudiants-en-exil\/candidature\/\">Candidature<\/a>.<\/p>\n","protected":false},"excerpt":{"rendered":"<p>Les candidatures pour int\u00e9grer le DU Passerelle \u2013 \u00c9tudiants en exil en 2025\/2026 seront ouvertes du 10 mars au 11 mai 2025.<\/p>\n<p class=\"more-link-p\"><a class=\"btn btn-primary\" href=\"https:\/\/blog.ube.fr\/du-etudiants-en-exil\/2025\/03\/10\/candidatures-pour-lannee-2025-2026\/\">Voir plus &rarr;<\/a><\/p>\n","protected":false},"author":1847,"featured_media":0,"comment_status":"closed","ping_status":"closed","sticky":false,"template":"","format":"standard","meta":{"footnotes":""},"categories":[33],"tags":[],"class_list":["post-1016","post","type-post","status-publish","format-standard","hentry","category-actualites"],"_links":{"self":[{"href":"https:\/\/blog.ube.fr\/du-etudiants-en-exil\/wp-json\/wp\/v2\/posts\/1016","targetHints":{"allow":["GET"]}}],"collection":[{"href":"https:\/\/blog.ube.fr\/du-etudiants-en-exil\/wp-json\/wp\/v2\/posts"}],"about":[{"href":"https:\/\/blog.ube.fr\/du-etudiants-en-exil\/wp-json\/wp\/v2\/types\/post"}],"author":[{"embeddable":true,"href":"https:\/\/blog.ube.fr\/du-etudiants-en-exil\/wp-json\/wp\/v2\/users\/1847"}],"replies":[{"embeddable":true,"href":"https:\/\/blog.ube.fr\/du-etudiants-en-exil\/wp-json\/wp\/v2\/comments?post=1016"}],"version-history":[{"count":2,"href":"https:\/\/blog.ube.fr\/du-etudiants-en-exil\/wp-json\/wp\/v2\/posts\/1016\/revisions"}],"predecessor-version":[{"id":1018,"href":"https:\/\/blog.ube.fr\/du-etudiants-en-exil\/wp-json\/wp\/v2\/posts\/1016\/revisions\/1018"}],"wp:attachment":[{"href":"https:\/\/blog.ube.fr\/du-etudiants-en-exil\/wp-json\/wp\/v2\/media?parent=1016"}],"wp:term":[{"taxonomy":"category","embeddable":true,"href":"https:\/\/blog.ube.fr\/du-etudiants-en-exil\/wp-json\/wp\/v2\/categories?post=1016"},{"taxonomy":"post_tag","embeddable":true,"href":"https:\/\/blog.ube.fr\/du-etudiants-en-exil\/wp-json\/wp\/v2\/tags?post=1016"}],"curies":[{"name":"wp","href":"https:\/\/api.w.org\/{rel}","templated":true}]}}