{"id":72,"date":"2023-04-05T14:21:21","date_gmt":"2023-04-05T12:21:21","guid":{"rendered":"https:\/\/blog.u-bourgogne.fr\/doctorantsduledi\/?p=72"},"modified":"2023-04-05T14:37:56","modified_gmt":"2023-04-05T12:37:56","slug":"interview-des-doctorants","status":"publish","type":"post","link":"https:\/\/blog.ube.fr\/doctorantsduledi\/2023\/04\/05\/interview-des-doctorants\/","title":{"rendered":"Journ\u00e9es de l\u2019\u00c9conomie 2022 \u00e0 Lyon"},"content":{"rendered":"<p><span style=\"font-size: 12pt;\"><strong><u>Interview des doctorants ayant particip\u00e9 aux Journ\u00e9es de l\u2019\u00c9conomie 2022 \u00e0 Lyon<\/u><\/strong><\/span><\/p>\n<p>&nbsp;<\/p>\n<p><span style=\"font-size: 12pt;\">Trois doctorants du LEDi (Richard Cupillard, Rojas\u2019sh Mouckendou Mihindou et Maxence Follot) ont pu assister aux Journ\u00e9es de l\u2019\u00c9conomie (JECO) du 15 au 17 novembre 2022 \u00e0 Lyon. Nous revenons sur leur ressenti au travers de cette courte interview.<\/span><\/p>\n<p><span style=\"font-size: 12pt;\">La Fondation Pour l\u2019Universit\u00e9 de Lyon (FPUL) organise les JECO chaque ann\u00e9e depuis 2008. Cet \u00e9v\u00e9nement r\u00e9unit des \u00e9conomistes, des chefs d\u2019entreprise, des experts de l\u2019administration, des journalistes, des acteurs sociaux et des responsables politiques. Uniques en leur genre, les JECO ont une <strong>vocation p\u00e9dagogique\u00a0<\/strong>: elles proposent de rapprocher le grand public de l\u2019\u00e9conomie, en l\u2019\u00e9clairant sur les enjeux \u00e9conomiques et les grandes mutations actuelles.<\/span><\/p>\n<p><span style=\"font-size: 12pt;\">Cette interview a \u00e9t\u00e9 r\u00e9alis\u00e9e par Oc\u00e9ane Vernerey, doctorante au LEDi.<\/span><\/p>\n<p>&nbsp;<\/p>\n<p><span style=\"font-size: 12pt;\"><strong>Oc\u00e9ane\u00a0: \u00catre doctorant, c\u2019est travailler sur son sujet de th\u00e8se, donner des cours, effectuer des formations, mais c\u2019est aussi participer \u00e0 divers s\u00e9minaires, conf\u00e9rences et colloques. Pourquoi avoir choisi d\u2019assister aux JECO 2022\u00a0? Aviez-vous particip\u00e9 aux anciennes \u00e9ditions des JECO\u00a0?<\/strong><\/span><\/p>\n<p><span style=\"font-size: 12pt;\"><strong>Richard\u00a0:<\/strong> J\u2019avais en effet assist\u00e9 \u00e0 la pr\u00e9c\u00e9dente \u00e9dition des JECO, qui s\u2019\u00e9tait tenue du 3 au 5 novembre 2021 \u00e0 Lyon. Je n\u2019avais commenc\u00e9 ma th\u00e8se que depuis un mois, et j\u2019avais alors saisi l\u2019opportunit\u00e9 qui m\u2019\u00e9tait offerte par le LEDi de mieux conna\u00eetre, par ce biais, le monde de la recherche. Cette ann\u00e9e, c\u2019est dans une optique diff\u00e9rente, mais toujours avec autant de plaisir, que je me suis rendu pour la deuxi\u00e8me fois \u00e0 ce grand rendez-vous des \u00e9conomistes fran\u00e7ais. Les diff\u00e9rentes conf\u00e9rences m\u2019ont donn\u00e9 la possibilit\u00e9 de suivre les \u00e9changes et d\u00e9bats entre des \u00e9conomistes de renomm\u00e9e internationale (tels que Jean Tirole, laur\u00e9at du Prix Nobel d\u2019\u00c9conomie en 2014), des acteurs politiques (tels que C\u00e9cile Duflot, ancienne ministre de l\u2019\u00c9galit\u00e9 des Territoires et du Logement), ou encore des enseignants-chercheurs engag\u00e9s en politique (tels que C\u00e9dric Villani, math\u00e9maticien ayant r\u00e9cemment exerc\u00e9 un mandat de d\u00e9put\u00e9).<\/span><\/p>\n<p>&nbsp;<\/p>\n<p><span style=\"font-size: 12pt;\"><strong>Oc\u00e9ane\u00a0: Pouvez-vous nous en dire plus sur les conf\u00e9rences auxquelles vous avez assist\u00e9\u00a0? Pourquoi les avoir choisies\u00a0? Avaient-elles un lien avec vos recherches, ou \u00e9tait-ce simplement par curiosit\u00e9 pour le sujet\u00a0?<\/strong><\/span><\/p>\n<p><span style=\"font-size: 12pt;\"><strong>Richard\u00a0:<\/strong> D\u00e9sormais doctorant de deuxi\u00e8me ann\u00e9e, j\u2019ai davantage cibl\u00e9 les conf\u00e9rences auxquelles je souhaitais assister, en lien avec la progression qu\u2019ont connu mes travaux de recherche depuis un an, et notamment la conf\u00e9rence du mercredi 16 novembre intitul\u00e9e \u00ab\u00a0<em>Peut-on mesurer le vert\u00a0?<\/em>\u00a0\u00bb. Au-del\u00e0 de cette question \u00e0 laquelle l\u2019ensemble des intervenants s\u2019accordaient \u00e0 r\u00e9pondre par l\u2019affirmative, les d\u00e9bats se structuraient davantage autour de la question \u00ab\u00a0<em>Comment mesurer le vert\u00a0?<\/em>\u00a0\u00bb, dans un contexte de transition environnementale o\u00f9 les \u00e9conomies doivent s\u2019adapter rapidement aux nouvelles contraintes qui s\u2019imposent \u00e0 elles. D\u2019un point de vue personnel, ceci m\u2019a conduit \u00e0 m\u2019interroger sur la fa\u00e7on de quantifier mon objet d\u2019\u00e9tude qu\u2019est la biodiversit\u00e9, ce qui sera \u00e9voqu\u00e9 plus en d\u00e9tails dans mon prochain billet de blog \u00e0 para\u00eetre sur le site internet du LEDi. \u00c0 cet \u00e9gard, un point a particuli\u00e8rement retenu mon attention\u00a0: celui de l\u2019importance croissante des donn\u00e9es. On tend aujourd\u2019hui \u00e0 se diriger vers ce que certains appellent une \u00ab\u00a0dictature de la donn\u00e9e\u00a0\u00bb, comme soulign\u00e9 au cours de la conf\u00e9rence du jeudi 17 novembre intitul\u00e9e \u00ab\u00a0<em>Une nouvelle expertise au service des territoires<\/em>\u00a0\u00bb, qui \u00e9tait d\u2019ailleurs anim\u00e9e par ma directrice de th\u00e8se, le Pr. Catherine Baumont.<\/span><\/p>\n<p>&nbsp;<\/p>\n<p><span style=\"font-size: 12pt;\"><strong>Oc\u00e9ane\u00a0: Parlons un peu, \u00e0 pr\u00e9sent, du format des JECO. Les diff\u00e9rentes conf\u00e9rences se d\u00e9roulent dans des lieux vari\u00e9s, par exemple \u00e0 la Bourse du Travail, \u00e0 l\u2019Universit\u00e9 Lyon 3 ou encore au Palais de la Mutualit\u00e9. Comment se passent les d\u00e9placements entre ces lieux\u00a0? Est-ce facile d\u2019acc\u00e8s\u00a0? Auriez-vous des conseils \u00e0 donner aux futurs doctorants qui participeraient aux JECO\u00a0?<\/strong><\/span><\/p>\n<p><span style=\"font-size: 12pt;\"><strong>Richard\u00a0:<\/strong> Ne m\u2019\u00e9tant jamais rendu \u00e0 Lyon en dehors des JECO, et le sens de l\u2019orientation n\u2019\u00e9tant pas ma qualit\u00e9 premi\u00e8re, je dois avouer qu\u2019il m\u2019a fallu un peu de temps pour m\u2019adapter \u00e0 ce nouvel environnement\u00a0! Ceci \u00e9tant, l\u2019\u00e9quipe organisatrice nous a mis dans les meilleures conditions d\u2019un point de vue logistique, d\u2019une part en nous transmettant plusieurs semaines \u00e0 l\u2019avance l\u2019ensemble des adresses auxquelles allaient se d\u00e9rouler les conf\u00e9rences, et d\u2019autre part en mettant \u00e0 notre disposition des tickets de transports en commun nous permettant de nous d\u00e9placer gratuitement pendant l\u2019int\u00e9gralit\u00e9 de notre s\u00e9jour. Je tiens d\u2019ailleurs \u00e0 remercier Alex Pommateau, mais aussi l\u2019ensemble des \u00e9tudiants b\u00e9n\u00e9voles qui \u00e9taient toujours l\u00e0 pour r\u00e9pondre \u00e0 nos questions. J\u2019ai moi-m\u00eame particip\u00e9 \u00e0 l\u2019organisation du congr\u00e8s annuel de l\u2019Association Fran\u00e7aise de Science \u00c9conomique (AFSE) \u00e0 Dijon en juin dernier, et je sais la difficult\u00e9 que cela repr\u00e9sente. Seul petit b\u00e9mol\u00a0: la demi-heure de battement entre les conf\u00e9rences n\u2019est pas toujours suffisante pour se rendre d\u2019un site \u00e0 l\u2019autre\u00a0!<\/span><\/p>\n<p>&nbsp;<\/p>\n<p><span style=\"font-size: 12pt;\"><strong>Oc\u00e9ane\u00a0: Les JECO rassemblent chaque ann\u00e9e plus de 40\u00a0000 participants, 65 conf\u00e9rences et plus de 250 intervenants. Il s\u2019agit donc d\u2019un \u00e9v\u00e9nement particuli\u00e8rement attendu, et qui regroupe des personnes issues de tous horizons. Avez-vous pu profiter de ce lieu pour \u00e9changer avec d\u2019autres chercheurs, enseignants ou doctorants\u00a0? Si ce n\u2019est pas le cas, quelles ont \u00e9t\u00e9 les contraintes\u00a0?<\/strong><\/span><\/p>\n<p><span style=\"font-size: 12pt;\"><strong>Richard\u00a0:<\/strong> Il faut bien se rendre compte de l\u2019ampleur que peuvent avoir les JECO \u00e0 Lyon pendant trois jours. La ville se transforme temporairement en un colloque g\u00e9ant r\u00e9parti sur cinq sites, entre lesquels un grand nombre de personnes transitent au rythme des conf\u00e9rences. Je suis d\u2019ailleurs pr\u00eat \u00e0 parier que la barre des 40\u00a0000 participants a \u00e9t\u00e9 d\u00e9pass\u00e9e cette ann\u00e9e\u00a0! Par cons\u00e9quent, il est souvent assez difficile de pouvoir \u00e9changer avec les intervenants. Mais l\u00e0 encore, certains moments ont \u00e9t\u00e9 sp\u00e9cifiquement pens\u00e9s pour permettre aux \u00e9tudiants et doctorants d\u2019\u00e9changer entre eux et avec certains enseignants. De Paris-Nanterre \u00e0 Aix-Marseille, en passant bien s\u00fbr par Dijon, nous avons tous pu b\u00e9n\u00e9ficier de leur exp\u00e9rience et de leur \u00e9coute pour affiner notre projet professionnel, qu\u2019il s\u2019inscrive au sein ou en dehors du milieu acad\u00e9mique. Pour l\u2019ensemble de ces raisons, je recommande \u00e0 tous les \u00e9tudiants en \u00e9conomie, qu\u2019ils soient comme moi en Doctorat mais aussi en Master ou m\u00eame en Licence, de venir vivre cette exp\u00e9rience en novembre 2023\u00a0!<\/span><\/p>\n<p>&nbsp;<\/p>\n<p><span style=\"font-size: 12pt;\"><strong>Oc\u00e9ane\u00a0: Merci \u00e0 tous les trois d\u2019avoir pris le temps de r\u00e9pondre \u00e0 cette interview. Votre ressenti est en effet tr\u00e8s important, que ce soit pour les autres doctorants qui souhaiteraient participer \u00e0 ces conf\u00e9rences, ou pour le grand public qui aimerait simplement mieux conna\u00eetre le quotidien d\u2019un jeune chercheur.<\/strong><\/span><\/p>\n","protected":false},"excerpt":{"rendered":"<p>Interview des doctorants ayant particip\u00e9 aux Journ\u00e9es de l\u2019\u00c9conomie 2022 \u00e0 Lyon &nbsp; Trois doctorants du LEDi (Richard Cupillard, Rojas\u2019sh Mouckendou Mihindou et Maxence Follot) ont pu assister aux Journ\u00e9es de l\u2019\u00c9conomie (JECO) du 15 au 17 novembre 2022 \u00e0 Lyon. Nous revenons sur leur ressenti au travers de cette courte interview. La Fondation Pour&hellip;<\/p>\n<p class=\"more-link-p\"><a class=\"btn btn-primary\" href=\"https:\/\/blog.ube.fr\/doctorantsduledi\/2023\/04\/05\/interview-des-doctorants\/\">Voir plus &rarr;<\/a><\/p>\n","protected":false},"author":4406,"featured_media":0,"comment_status":"open","ping_status":"open","sticky":false,"template":"","format":"standard","meta":{"footnotes":""},"categories":[1],"tags":[],"class_list":["post-72","post","type-post","status-publish","format-standard","hentry","category-interview"],"_links":{"self":[{"href":"https:\/\/blog.ube.fr\/doctorantsduledi\/wp-json\/wp\/v2\/posts\/72","targetHints":{"allow":["GET"]}}],"collection":[{"href":"https:\/\/blog.ube.fr\/doctorantsduledi\/wp-json\/wp\/v2\/posts"}],"about":[{"href":"https:\/\/blog.ube.fr\/doctorantsduledi\/wp-json\/wp\/v2\/types\/post"}],"author":[{"embeddable":true,"href":"https:\/\/blog.ube.fr\/doctorantsduledi\/wp-json\/wp\/v2\/users\/4406"}],"replies":[{"embeddable":true,"href":"https:\/\/blog.ube.fr\/doctorantsduledi\/wp-json\/wp\/v2\/comments?post=72"}],"version-history":[{"count":3,"href":"https:\/\/blog.ube.fr\/doctorantsduledi\/wp-json\/wp\/v2\/posts\/72\/revisions"}],"predecessor-version":[{"id":84,"href":"https:\/\/blog.ube.fr\/doctorantsduledi\/wp-json\/wp\/v2\/posts\/72\/revisions\/84"}],"wp:attachment":[{"href":"https:\/\/blog.ube.fr\/doctorantsduledi\/wp-json\/wp\/v2\/media?parent=72"}],"wp:term":[{"taxonomy":"category","embeddable":true,"href":"https:\/\/blog.ube.fr\/doctorantsduledi\/wp-json\/wp\/v2\/categories?post=72"},{"taxonomy":"post_tag","embeddable":true,"href":"https:\/\/blog.ube.fr\/doctorantsduledi\/wp-json\/wp\/v2\/tags?post=72"}],"curies":[{"name":"wp","href":"https:\/\/api.w.org\/{rel}","templated":true}]}}