{"id":295,"date":"2024-05-24T09:51:44","date_gmt":"2024-05-24T07:51:44","guid":{"rendered":"https:\/\/blog.u-bourgogne.fr\/doctorantsduledi\/?p=295"},"modified":"2024-05-24T09:51:44","modified_gmt":"2024-05-24T07:51:44","slug":"journee-interdoctorale-2023","status":"publish","type":"post","link":"https:\/\/blog.ube.fr\/doctorantsduledi\/2024\/05\/24\/journee-interdoctorale-2023\/","title":{"rendered":"Journ\u00e9e interdoctorale 2023"},"content":{"rendered":"<p><strong>Le 12 D\u00e9cembre 2023, de nombreux doctorants du LEDi\u00a0 ont assist\u00e9 \u00e0 la journ\u00e9e interdoctorale organis\u00e9e \u00e0 Dijon.\u00a0 Mahamoudou Zor\u00e9 et Richard Cupillard nous racontent plus en d\u00e9tails cette journ\u00e9e.<\/strong><\/p>\n<p>&nbsp;<\/p>\n<p>Les 14, 15 et 16 juin 2022, le congr\u00e8s annuel de l\u2019Association Fran\u00e7aise de Science \u00c9conomique (AFSE) prenait place \u00e0 Dijon, organis\u00e9 par les trois laboratoires structurant la recherche en \u00e9conomie \u00e0 l\u2019\u00e9chelle de la r\u00e9gion Bourgogne Franche-Comt\u00e9\u00a0: le Laboratoire d\u2019\u00c9conomie de Dijon (LEDi), le Centre d\u2019\u00c9conomie et de Sociologie appliqu\u00e9es \u00e0 l\u2019Agriculture et aux Espaces Ruraux (CESAER) et le Centre de REcherche sur les Strat\u00e9gies \u00c9conomiques (CRESE). Face au succ\u00e8s de cet \u00e9v\u00e9nement ayant attir\u00e9 des <em>keynote speakers<\/em> reconnus \u00e0 l\u2019international (interviews disponibles sur <a href=\"https:\/\/ledi.u-bourgogne.fr\/le-blog-des-doctorants-du-ledi\/\">https:\/\/ledi.u-bourgogne.fr\/le-blog-des-doctorants-du-ledi\/<\/a>), les trois laboratoires ont d\u00e9cid\u00e9 de se rassembler une nouvelle fois autour de l\u2019organisation d\u2019une manifestation scientifique. Cette ann\u00e9e, les doctorants ont \u00e9t\u00e9 mis \u00e0 l\u2019honneur \u00e0 l\u2019occasion d\u2019une journ\u00e9e d\u2019\u00e9tude qui leur donnait l\u2019opportunit\u00e9 de pr\u00e9senter leurs travaux de th\u00e8se et d\u2019\u00e9changer avec des chercheurs issus des trois unit\u00e9s o\u00f9 coexistent diff\u00e9rentes expertises, de l\u2019\u00e9conomie des territoires \u00e0 l\u2019\u00e9conomie de l\u2019innovation en passant par l\u2019\u00e9conomie de l\u2019environnement, sans oublier les d\u00e9veloppements les plus r\u00e9cents autour de la notion \u2013 parfois myst\u00e9rieuse mais toujours passionnante \u2013 de <em>machine learning<\/em>. Afin d\u2019assurer une repr\u00e9sentation \u00e9quilibr\u00e9e des diff\u00e9rents laboratoires, trois doctorants du LEDi (Richard Cupillard, Reine Annie Zongo et Maxence Follot), trois doctorants du CESAER (Bai Kaixuan, Martin Regnaud et Mirella Kabor\u00e9) et trois doctorants du CRESE (Alexis Roussel, Khaoula Naili et Mathilde Stoltz) ont pu pr\u00e9senter leurs recherches dans le cadre de diff\u00e9rentes sessions th\u00e9matiques (programme d\u00e9taill\u00e9 disponible sur <a href=\"https:\/\/ledi.u-bourgogne.fr\/journee-inter-doctorale-12-decembre-2023\/\">https:\/\/ledi.u-bourgogne.fr\/journee-inter-doctorale-12-decembre-2023\/<\/a>).<\/p>\n<p>Les pr\u00e9sentations des doctorants ont \u00e9t\u00e9 r\u00e9parties en quatre sessions th\u00e9matiques, illustrant ainsi la diversit\u00e9 des recherches conduites dans nos laboratoires. La premi\u00e8re session, pr\u00e9sid\u00e9e par St\u00e9phane Blancard (CESAER, Universit\u00e9 de Bourgogne), s&#8217;est focalis\u00e9e sur \u00ab\u00a0le management et l&#8217;allocation des ressources\u00a0\u00bb. Cette session a mis en avant les recherches de <strong>Richard Cupillard<\/strong> (LEDi), sur la pr\u00e9servation de la biodiversit\u00e9 urbaine, et d&#8217;<strong>Alexis Roussel<\/strong> (CRESE), sur la mod\u00e9lisation de la p\u00e9nurie de mat\u00e9riel m\u00e9dical. Les discussions se sont ensuite orient\u00e9es vers \u00ab\u00a0les r\u00e9glementations environnementales et la performance \u00e9conomique\u00a0\u00bb dans une deuxi\u00e8me session pr\u00e9sid\u00e9e par Mouez Fodha (PSE, Universit\u00e9 Paris 1 Panth\u00e9on-Sorbonne). <strong>Bai Kaixuan<\/strong> (CESAER) y a pr\u00e9sent\u00e9 ses travaux sur la congestion dans le secteur agricole chinois, puis <strong>Reine Annie Zongo<\/strong> (LEDi) a explor\u00e9 l&#8217;impact des r\u00e9glementations environnementales sur l&#8217;innovation. La troisi\u00e8me session, pr\u00e9sid\u00e9e par Christophe Hurlin (LEO, Universit\u00e9 d\u2019Orl\u00e9ans), a abord\u00e9 \u00ab\u00a0les avanc\u00e9es en \u00e9conomie \u00e0 l&#8217;\u00e8re des nouvelles technologies de l\u2019information et de la communication\u00a0\u00bb, sur des sujets tels que la communication des banques centrales, pr\u00e9sent\u00e9e par <strong>Maxence Follot<\/strong> (LEDi), les d\u00e9fis de l&#8217;intelligence artificielle dans le domaine juridique, expos\u00e9s par <strong>Khaoula Naili<\/strong> (CRESE), et la formation des prix sur le march\u00e9 immobilier, adress\u00e9e par <strong>Martin Regnaud<\/strong> (CESAER). La journ\u00e9e s&#8217;est achev\u00e9e par une quatri\u00e8me session portant sur \u00ab\u00a0les expositions aux nuisances et les disparit\u00e9s socio-\u00e9conomiques\u00a0\u00bb, pr\u00e9sid\u00e9e par Catherine Baumont (LEDi, Universit\u00e9 de Bourgogne). Au cours de cette derni\u00e8re session, <strong>Mirella Kabor\u00e9<\/strong> (CESAER) a abord\u00e9 la perception du risque de pollution, tandis que <strong>Mathilde Stoltz<\/strong> (CRESE) a examin\u00e9 les effets de l&#8217;exposition aux sites dangereux sur la pauvret\u00e9.<\/p>\n<p>La journ\u00e9e a \u00e9galement \u00e9t\u00e9 ponctu\u00e9e par les conf\u00e9rences des deux <em>keynote speakers<\/em> qui sont venus \u00e0 la rencontre des doctorants sp\u00e9cifiquement pour cette occasion. Au cours de la matin\u00e9e, <strong>Mouez Fodha<\/strong>, Professeur \u00e0 l\u2019Universit\u00e9 Paris 1 Panth\u00e9on Sorbonne, nous rappelait que si la prise de conscience environnementale remonte aux ann\u00e9es 1970 (avec la publication du rapport Meadows sur \u00ab\u00a0les limites de la croissance\u00a0\u00bb), ce n\u2019est que plus r\u00e9cemment que le terme de \u00ab\u00a0transition\u00a0\u00bb est apparu dans les d\u00e9bats. Tant\u00f4t \u00ab\u00a0\u00e9cologique\u00a0\u00bb, tant\u00f4t \u00ab\u00a0\u00e9nerg\u00e9tique\u00a0\u00bb, voire plus largement \u00ab\u00a0environnementale\u00a0\u00bb, cette transition d\u00e9signe \u00ab\u00a0un ensemble de transformations impliquant des co\u00fbts et des b\u00e9n\u00e9fices pour la soci\u00e9t\u00e9, l\u2019objectif global \u00e9tant de parvenir \u00e0 des b\u00e9n\u00e9fices nets sociaux positifs \u00e0 long terme\u00a0\u00bb. \u00c0 l\u2019heure o\u00f9 la plupart des mod\u00e8les \u00e9conomiques se basent sur des crit\u00e8res de maximisation de l\u2019utilit\u00e9 intertemporelle, les arbitrages des d\u00e9cideurs publics doivent int\u00e9grer non seulement le co\u00fbt mon\u00e9taire des mesures environnementales, qui est support\u00e9 aujourd\u2019hui, mais aussi le co\u00fbt d\u2019opportunit\u00e9 de l\u2019inaction climatique, qui se manifestera n\u00e9cessairement demain. \u00c0 cet \u00e9gard, Mouez Fodha citait les travaux de Nicholas Stern qui, d\u00e8s 2006, avertissait quant au besoin de consacrer chaque ann\u00e9e 1% du Produit Int\u00e9rieur Brut (PIB) \u00e0 l\u2019action climatique, sous peine de voir ce co\u00fbt \u00eatre multipli\u00e9 par cinq voire par vingt \u00e0 l\u2019horizon 2030. Ce r\u00e9sultat est corrobor\u00e9 par une \u00e9tude r\u00e9cente de Jean Pisani-Ferry et Selma Mahfouz, qui montrent que 70 milliards d\u2019euros par an jusqu\u2019en 2030 suffiraient \u00e0 contrer les effets n\u00e9gatifs du changement climatique mais que, dans un sc\u00e9nario de r\u00e9chauffement \u00e0 +3,5\u00b0C, ce montant pourrait passer \u00e0 260 milliards d\u2019euros. Les co\u00fbts d\u2019aujourd\u2019hui sont donc aussi les b\u00e9n\u00e9fices de demain. Pour commencer l\u2019apr\u00e8s-midi, <strong>Christophe Hurlin<\/strong>, Professeur \u00e0 l\u2019Universit\u00e9 d\u2019Orl\u00e9ans, nous invitait \u00e0 prendre du recul quant aux int\u00e9r\u00eats et limites d\u2019une autre th\u00e9matique dont il a largement \u00e9t\u00e9 question au cours de cette journ\u00e9e\u00a0: le <em>machine learning<\/em>. Dans un monde o\u00f9 le nombre d\u2019informations disponibles cro\u00eet de fa\u00e7on exponentielle, au point d\u2019entendre certaines voix s\u2019\u00e9lever contre une pr\u00e9tendue \u00ab\u00a0dictature de la donn\u00e9e\u00a0\u00bb, il est n\u00e9cessaire de s\u2019interroger quant \u00e0 la neutralit\u00e9 des algorithmes d\u2019intelligence artificielle. Pour certaines applications dites \u00ab\u00a0\u00e0 haut risque\u00a0\u00bb, telles que la s\u00e9curit\u00e9, la sant\u00e9 ou encore le transport, cette question est plus que jamais d\u2019actualit\u00e9. Christophe Hurlin prenait l\u2019exemple du cr\u00e9dit pour montrer que les algorithmes sont susceptibles de reproduire et de syst\u00e9matiser les biais humains pr\u00e9sents dans les processus sur lesquels ils reposent, et donc que les innovations technologiques ne sont pas toujours sources de davantage de justice sociale. Si les femmes pr\u00e9sentent en moyenne un risque de non-remboursement plus \u00e9lev\u00e9 que les hommes, est-il justifi\u00e9 de leur charger un taux d\u2019int\u00e9r\u00eat plus \u00e9lev\u00e9 que les hommes\u00a0? Cela r\u00e9pond-il aux simples lois du march\u00e9 ou, au contraire, \u00e0 une forme de discrimination\u00a0? Nul doute que la th\u00e9orie \u00e9conomique saura s\u2019emparer de ces questions et apporter des \u00e9l\u00e9ments de r\u00e9ponse pour accompagner ces transformations soci\u00e9tales toujours plus rapides.<\/p>\n<p><em>Les doctorants tiennent \u00e0 remercier l\u2019ensemble des chercheurs ayant assist\u00e9 \u00e0 cette journ\u00e9e d\u2019\u00e9tude, en particulier Rachel Guillain, St\u00e9phane Blancard, Mostapha Diss et Catherine Baumont, sans qui cet \u00e9v\u00e9nement n\u2019aurait pu se tenir.<\/em><\/p>\n<p><img loading=\"lazy\" decoding=\"async\" class=\"alignright wp-image-296 size-full\" src=\"https:\/\/blog.ube.fr\/doctorantsduledi\/wp-content\/uploads\/sites\/180\/2024\/05\/journee_interdoc_2023.jpg\" alt=\"\" width=\"878\" height=\"505\" srcset=\"https:\/\/blog.ube.fr\/doctorantsduledi\/wp-content\/uploads\/sites\/180\/2024\/05\/journee_interdoc_2023.jpg 878w, https:\/\/blog.ube.fr\/doctorantsduledi\/wp-content\/uploads\/sites\/180\/2024\/05\/journee_interdoc_2023-300x173.jpg 300w, https:\/\/blog.ube.fr\/doctorantsduledi\/wp-content\/uploads\/sites\/180\/2024\/05\/journee_interdoc_2023-768x442.jpg 768w\" sizes=\"auto, (max-width: 878px) 100vw, 878px\" \/><\/p>\n<p>&nbsp;<\/p>\n<p>&nbsp;<\/p>\n<p>&nbsp;<\/p>\n<p>&nbsp;<\/p>\n<p>&nbsp;<\/p>\n<p>&nbsp;<\/p>\n<p>&nbsp;<\/p>\n<p>&nbsp;<\/p>\n<p>&nbsp;<\/p>\n<p>&nbsp;<\/p>\n<p>&nbsp;<\/p>\n","protected":false},"excerpt":{"rendered":"<p>Le 12 D\u00e9cembre 2023, de nombreux doctorants du LEDi\u00a0 ont assist\u00e9 \u00e0 la journ\u00e9e interdoctorale organis\u00e9e \u00e0 Dijon.\u00a0 Mahamoudou Zor\u00e9 et Richard Cupillard nous racontent plus en d\u00e9tails cette journ\u00e9e. &nbsp; Les 14, 15 et 16 juin 2022, le congr\u00e8s annuel de l\u2019Association Fran\u00e7aise de Science \u00c9conomique (AFSE) prenait place \u00e0 Dijon, organis\u00e9 par les&hellip;<\/p>\n<p class=\"more-link-p\"><a class=\"btn btn-primary\" href=\"https:\/\/blog.ube.fr\/doctorantsduledi\/2024\/05\/24\/journee-interdoctorale-2023\/\">Voir plus &rarr;<\/a><\/p>\n","protected":false},"author":4406,"featured_media":0,"comment_status":"open","ping_status":"open","sticky":false,"template":"","format":"standard","meta":{"footnotes":""},"categories":[5],"tags":[],"class_list":["post-295","post","type-post","status-publish","format-standard","hentry","category-blog"],"_links":{"self":[{"href":"https:\/\/blog.ube.fr\/doctorantsduledi\/wp-json\/wp\/v2\/posts\/295","targetHints":{"allow":["GET"]}}],"collection":[{"href":"https:\/\/blog.ube.fr\/doctorantsduledi\/wp-json\/wp\/v2\/posts"}],"about":[{"href":"https:\/\/blog.ube.fr\/doctorantsduledi\/wp-json\/wp\/v2\/types\/post"}],"author":[{"embeddable":true,"href":"https:\/\/blog.ube.fr\/doctorantsduledi\/wp-json\/wp\/v2\/users\/4406"}],"replies":[{"embeddable":true,"href":"https:\/\/blog.ube.fr\/doctorantsduledi\/wp-json\/wp\/v2\/comments?post=295"}],"version-history":[{"count":4,"href":"https:\/\/blog.ube.fr\/doctorantsduledi\/wp-json\/wp\/v2\/posts\/295\/revisions"}],"predecessor-version":[{"id":300,"href":"https:\/\/blog.ube.fr\/doctorantsduledi\/wp-json\/wp\/v2\/posts\/295\/revisions\/300"}],"wp:attachment":[{"href":"https:\/\/blog.ube.fr\/doctorantsduledi\/wp-json\/wp\/v2\/media?parent=295"}],"wp:term":[{"taxonomy":"category","embeddable":true,"href":"https:\/\/blog.ube.fr\/doctorantsduledi\/wp-json\/wp\/v2\/categories?post=295"},{"taxonomy":"post_tag","embeddable":true,"href":"https:\/\/blog.ube.fr\/doctorantsduledi\/wp-json\/wp\/v2\/tags?post=295"}],"curies":[{"name":"wp","href":"https:\/\/api.w.org\/{rel}","templated":true}]}}