{"id":273,"date":"2024-02-15T09:44:17","date_gmt":"2024-02-15T08:44:17","guid":{"rendered":"https:\/\/blog.u-bourgogne.fr\/doctorantsduledi\/?p=273"},"modified":"2024-02-15T09:46:40","modified_gmt":"2024-02-15T08:46:40","slug":"compte-rendu-du-sew","status":"publish","type":"post","link":"https:\/\/blog.ube.fr\/doctorantsduledi\/2024\/02\/15\/compte-rendu-du-sew\/","title":{"rendered":"Compte rendu du SEW"},"content":{"rendered":"<p><strong>LE SEW QU\u2019EST CE QUE C\u2019EST\u00a0?\u00a0 <\/strong><\/p>\n<p>&nbsp;<\/p>\n<p>Le SEW (Spatial Econometrics Workshop) est un \u00e9v\u00e9nement acad\u00e9mique de premier plan qui rassemble des experts, des chercheurs et des praticiens du monde entier dans le domaine de l&#8217;\u00e9conom\u00e9trie spatiale et des statistiques. La 21<sup>i\u00e8me<\/sup> \u00e9dition de ce Workshop se d\u00e9roule sur plusieurs jours \u00e0 Dijon comprenant des sessions pl\u00e9ni\u00e8res, des ateliers sp\u00e9cialis\u00e9s, des pr\u00e9sentations de travaux de recherche et des discussions anim\u00e9es. Les anciennes \u00e9ditions se sont d\u00e9roul\u00e9es dans diverse ville par exemple \u00e0 Paris en 2015, Avignon en 2017, Lille en 2022 etc\u2026 Cet \u00e9v\u00e9nement favorise la collaboration interdisciplinaire et encourage les \u00e9changes d&#8217;id\u00e9es entre les praticiens et les universitaires, contribuant ainsi \u00e0 l&#8217;avancement de l&#8217;\u00e9conom\u00e9trie spatiale et des statistiques.<\/p>\n<p>Concernant le d\u00e9roulement, toutes les soumissions dans les domaines des statistiques spatiales et de l&#8217;\u00e9conom\u00e9trie spatiale sont les bienvenues, qu&#8217;il s&#8217;agisse de th\u00e9orie, de m\u00e9thodologie ou d&#8217;applications. Les contributions li\u00e9es aux questions environnementales et \u00e0 l&#8217;\u00e9valuation des politiques publiques seront particuli\u00e8rement appr\u00e9ci\u00e9es.<\/p>\n<p>Pendant le workshop, le Prix Cem Ertur est d\u00e9cern\u00e9 pour honorer des recherches exceptionnelles r\u00e9alis\u00e9es par de jeunes chercheurs dans le domaine des statistiques spatiales et de l&#8217;\u00e9conom\u00e9trie spatiale. Cette ann\u00e9e, ce privil\u00e8ge est revenu \u00e0 un doctorant du Laboratoire d\u2019Economie de Dijon (LEDi) Alper ACAR qui nous fera part de son exp\u00e9rience.<\/p>\n<p>&nbsp;<\/p>\n<p>&nbsp;<\/p>\n<p style=\"text-align: center;\">____________________________________________________________________________<\/p>\n<p>&nbsp;<\/p>\n<p>&nbsp;<\/p>\n<p><strong>LES KEYNOTES<\/strong><\/p>\n<p>&nbsp;<\/p>\n<p>Cette ann\u00e9e le Workshop a accueilli trois personnalit\u00e9s en tant que \u00ab Keynote Speaker \u00bb.<\/p>\n<p style=\"text-align: right;\"><img loading=\"lazy\" decoding=\"async\" class=\" wp-image-275 alignleft\" src=\"https:\/\/blog.ube.fr\/doctorantsduledi\/wp-content\/uploads\/sites\/180\/2024\/02\/coro-chasco-265x300.png\" alt=\"\" width=\"246\" height=\"278\" srcset=\"https:\/\/blog.ube.fr\/doctorantsduledi\/wp-content\/uploads\/sites\/180\/2024\/02\/coro-chasco-265x300.png 265w, https:\/\/blog.ube.fr\/doctorantsduledi\/wp-content\/uploads\/sites\/180\/2024\/02\/coro-chasco.png 348w\" sizes=\"auto, (max-width: 246px) 100vw, 246px\" \/>Coro Chasco a obtenu son doctorat avec mention en mod\u00e9lisation \u00e9conomique appliqu\u00e9e \u00e0 l&#8217;UAM en 2022. Elle dirige le groupe de recherche en \u00e9conomie spatiale et r\u00e9gionale (ECONRES) et a re\u00e7u diff\u00e9rents prix et distinctions. Elle a publi\u00e9 dans des revues de premier plan telles que &#8220;Economic Geography&#8221;, &#8220;Papers in Regional Science&#8221;, &#8220;Regional Science and Urban Economics&#8221; &#8230; Elle a publi\u00e9 46 articles dans les bases de donn\u00e9es WoS et Scopus, 3 livres, 16 chapitres de livres et de nombreuses autres publications scientifiques. Le Dr Chasco travaille sur l&#8217;\u00e9conom\u00e9trie spatiale et les m\u00e9thodes d&#8217;analyse spatiale, avec des applications \u00e0 la croissance r\u00e9gionale, aux prix de l&#8217;immobilier, \u00e0 l&#8217;\u00e9valuation de l&#8217;environnement, au tourisme et \u00e0 la qualit\u00e9 de vie.<\/p>\n<p>&nbsp;<\/p>\n<p>&nbsp;<\/p>\n<p>Gianfranco PIRAS est professeur agr\u00e9g\u00e9 en \u00e9conom\u00e9trie \u00e0 l&#8217;Universit\u00e9 &#8220;G. d&#8217;Annunzio&#8221; de Chieti-Pescara et professeur associ\u00e9 \u00e0 la \u00ab\u00a0Catholic University of America\u00a0\u00bb \u00e0 Washington. Apr\u00e8s avoir termin\u00e9 ses \u00e9tudes doctorales il <img loading=\"lazy\" decoding=\"async\" class=\" wp-image-277 alignright\" src=\"https:\/\/blog.ube.fr\/doctorantsduledi\/wp-content\/uploads\/sites\/180\/2024\/02\/piras-276x300.png\" alt=\"\" width=\"234\" height=\"254\" srcset=\"https:\/\/blog.ube.fr\/doctorantsduledi\/wp-content\/uploads\/sites\/180\/2024\/02\/piras-276x300.png 276w, https:\/\/blog.ube.fr\/doctorantsduledi\/wp-content\/uploads\/sites\/180\/2024\/02\/piras.png 354w\" sizes=\"auto, (max-width: 234px) 100vw, 234px\" \/>a travaill\u00e9 dans diverses institutions internationales, notamment le D\u00e9partement de planification urbaine et r\u00e9gionale de l&#8217;Universit\u00e9 Cornell, le Laboratoire d&#8217;application \u00e9conomique r\u00e9gionale de l&#8217;Universit\u00e9 de l&#8217;Illinois \u00e0 Urbana-Champaign, et le centre GeoDa de l&#8217;Universit\u00e9 d&#8217;\u00c9tat de l&#8217;Arizona. Actuellement, il est membre du comit\u00e9 de r\u00e9daction de la revue Spatial Econometrics et membre de la Spatial Econometrics Association. Ses domaines de recherche incluent l&#8217;\u00e9conom\u00e9trie spatiale et les statistiques, l&#8217;\u00e9conomie urbaine et r\u00e9gionale, les m\u00e9thodes de calcul et le d\u00e9veloppement de logiciels.<\/p>\n<p>&nbsp;<\/p>\n<p>&nbsp;<\/p>\n<p><img loading=\"lazy\" decoding=\"async\" class=\" wp-image-279 alignleft\" src=\"https:\/\/blog.ube.fr\/doctorantsduledi\/wp-content\/uploads\/sites\/180\/2024\/02\/yang-283x300.png\" alt=\"\" width=\"209\" height=\"222\" srcset=\"https:\/\/blog.ube.fr\/doctorantsduledi\/wp-content\/uploads\/sites\/180\/2024\/02\/yang-283x300.png 283w, https:\/\/blog.ube.fr\/doctorantsduledi\/wp-content\/uploads\/sites\/180\/2024\/02\/yang.png 343w\" sizes=\"auto, (max-width: 209px) 100vw, 209px\" \/><\/p>\n<p>&nbsp;<\/p>\n<p>Zhenlin YANG est professeur d&#8217;\u00e9conomie et de statistique \u00e0 l&#8217;\u00c9cole d&#8217;\u00e9conomie de l&#8217;Universit\u00e9 de gestion de Singapour. Il a obtenu son doctorat en 1992 \u00e0 l&#8217;Universit\u00e9 de l&#8217;Alberta, au Canada. Ses int\u00e9r\u00eats de recherche incluent l&#8217;\u00e9conom\u00e9trie spatiale, les mod\u00e8les de donn\u00e9es de panel, le bootstrap pour des inf\u00e9rences raffin\u00e9es et l&#8217;analyse du temps \u00e9v\u00e9nementiel.<\/p>\n<p>&nbsp;<\/p>\n<p>&nbsp;<\/p>\n<p>&nbsp;<\/p>\n<p>&nbsp;<\/p>\n<p style=\"text-align: center;\">___________________________________________________________________________________<\/p>\n<p>&nbsp;<\/p>\n<p>&nbsp;<\/p>\n<p><strong>ORGANISATION ET INTERVIEW<\/strong><\/p>\n<p>&nbsp;<\/p>\n<p>Les doctorants du Laboratoire d&#8217;\u00c9conomie de Dijon (LEDi) ont pris en charge diverses responsabilit\u00e9s essentielles <img loading=\"lazy\" decoding=\"async\" class=\"size-medium wp-image-276 alignleft\" src=\"https:\/\/blog.ube.fr\/doctorantsduledi\/wp-content\/uploads\/sites\/180\/2024\/02\/itw-300x200.jpg\" alt=\"\" width=\"300\" height=\"200\" srcset=\"https:\/\/blog.ube.fr\/doctorantsduledi\/wp-content\/uploads\/sites\/180\/2024\/02\/itw-300x200.jpg 300w, https:\/\/blog.ube.fr\/doctorantsduledi\/wp-content\/uploads\/sites\/180\/2024\/02\/itw.jpg 592w\" sizes=\"auto, (max-width: 300px) 100vw, 300px\" \/>tout au long de l&#8217;\u00e9v\u00e9nement. D\u00e8s l&#8217;accueil des participants, ils ont cr\u00e9\u00e9 une atmosph\u00e8re chaleureuse et accueillante, offrant des informations essentielles et r\u00e9pondant aux questions des intervenants. De plus, ils ont con\u00e7u des flyers informatifs et ont \u00e9galement immortaliser les prestations et l\u2019ambiance en prenant des photos tout au long de l\u2019\u00e9v\u00e9nement. Enfin, les doctorants du LEDi ont coordonn\u00e9 des interviews enrichissantes avec les Keynote speakers et d\u2019autre intervenants, offrant aux participants une occasion unique d&#8217;explorer en profondeur les id\u00e9es et les perspectives des orateurs de renom. Vous pouvez retrouver ce travail dans l\u2019onglet \u00ab interview \u00bb du blog des doctorants du LEDi.<\/p>\n<p>&nbsp;<\/p>\n<p>&nbsp;<\/p>\n<p style=\"text-align: center;\">________________________________________________________________________________________<\/p>\n<p>&nbsp;<\/p>\n<p>&nbsp;<\/p>\n<p><strong>COMMUNICATIONS<\/strong><\/p>\n<p>&nbsp;<\/p>\n<p>Lors de cette 21<sup>i\u00e8me<\/sup> \u00e9dition du SEW \u00e0 Dion deux doctorant du laboratoire d\u20192connomie de Dijon (LEDi) on eut l\u2019opportunit\u00e9 de pr\u00e9senter leurs travaux de recherche. Un travail exigeant et enrichissant pour les doctorants qui nous explique ci-dessous en quelque mots leurs impressions sur cette exp\u00e9rience.<\/p>\n<p>&nbsp;<\/p>\n<p><strong>Alper ACAR\u00a0<\/strong><\/p>\n<p><img loading=\"lazy\" decoding=\"async\" class=\" wp-image-274 alignleft\" src=\"https:\/\/blog.ube.fr\/doctorantsduledi\/wp-content\/uploads\/sites\/180\/2024\/02\/alper-300x200.jpg\" alt=\"\" width=\"254\" height=\"169\" srcset=\"https:\/\/blog.ube.fr\/doctorantsduledi\/wp-content\/uploads\/sites\/180\/2024\/02\/alper-300x200.jpg 300w, https:\/\/blog.ube.fr\/doctorantsduledi\/wp-content\/uploads\/sites\/180\/2024\/02\/alper.jpg 521w\" sizes=\"auto, (max-width: 254px) 100vw, 254px\" \/>\u00ab Il s\u2019agissait de ma deuxi\u00e8me participation au SEW. Pr\u00e9sent\u00e9 en anglais ne me pose pas beaucoup de probl\u00e8me, je suis plus \u00e0 l\u2019aise \u00e0 l\u2019oral qu\u2019\u00e0 l\u2019\u00e9crit. C\u2019\u00e9tait une exp\u00e9rience enrichissante, avoir le retour de chercheurs exp\u00e9riment\u00e9 sur mon travail \u00e9tait ce que j\u2019attendais et je n\u2019ai pas \u00e9t\u00e9 d\u00e9\u00e7u. Je ne peux que conseiller aux doctorants qui participent \u00e0 des conf\u00e9rences de bien maitriser son discours pour enlever une part du stress le jour J. Il faut voir la pr\u00e9sentation comme un \u00ab show \u00bb.\u00a0 \u00bb<\/p>\n<p>&nbsp;<\/p>\n<p>&nbsp;<\/p>\n<p>&nbsp;<\/p>\n<p style=\"text-align: right;\"><strong>Rojas\u2019sh Mouckendou Mihindou<\/strong><\/p>\n<p><img loading=\"lazy\" decoding=\"async\" class=\"size-medium wp-image-278 alignright\" src=\"https:\/\/blog.ube.fr\/doctorantsduledi\/wp-content\/uploads\/sites\/180\/2024\/02\/rojas-300x200.jpg\" alt=\"\" width=\"300\" height=\"200\" srcset=\"https:\/\/blog.ube.fr\/doctorantsduledi\/wp-content\/uploads\/sites\/180\/2024\/02\/rojas-300x200.jpg 300w, https:\/\/blog.ube.fr\/doctorantsduledi\/wp-content\/uploads\/sites\/180\/2024\/02\/rojas.jpg 499w\" sizes=\"auto, (max-width: 300px) 100vw, 300px\" \/><\/p>\n","protected":false},"excerpt":{"rendered":"<p>LE SEW QU\u2019EST CE QUE C\u2019EST\u00a0?\u00a0 &nbsp; Le SEW (Spatial Econometrics Workshop) est un \u00e9v\u00e9nement acad\u00e9mique de premier plan qui rassemble des experts, des chercheurs et des praticiens du monde entier dans le domaine de l&#8217;\u00e9conom\u00e9trie spatiale et des statistiques. La 21i\u00e8me \u00e9dition de ce Workshop se d\u00e9roule sur plusieurs jours \u00e0 Dijon comprenant des&hellip;<\/p>\n<p class=\"more-link-p\"><a class=\"btn btn-primary\" href=\"https:\/\/blog.ube.fr\/doctorantsduledi\/2024\/02\/15\/compte-rendu-du-sew\/\">Voir plus &rarr;<\/a><\/p>\n","protected":false},"author":4406,"featured_media":0,"comment_status":"open","ping_status":"open","sticky":false,"template":"","format":"standard","meta":{"footnotes":""},"categories":[5],"tags":[],"class_list":["post-273","post","type-post","status-publish","format-standard","hentry","category-blog"],"_links":{"self":[{"href":"https:\/\/blog.ube.fr\/doctorantsduledi\/wp-json\/wp\/v2\/posts\/273","targetHints":{"allow":["GET"]}}],"collection":[{"href":"https:\/\/blog.ube.fr\/doctorantsduledi\/wp-json\/wp\/v2\/posts"}],"about":[{"href":"https:\/\/blog.ube.fr\/doctorantsduledi\/wp-json\/wp\/v2\/types\/post"}],"author":[{"embeddable":true,"href":"https:\/\/blog.ube.fr\/doctorantsduledi\/wp-json\/wp\/v2\/users\/4406"}],"replies":[{"embeddable":true,"href":"https:\/\/blog.ube.fr\/doctorantsduledi\/wp-json\/wp\/v2\/comments?post=273"}],"version-history":[{"count":2,"href":"https:\/\/blog.ube.fr\/doctorantsduledi\/wp-json\/wp\/v2\/posts\/273\/revisions"}],"predecessor-version":[{"id":282,"href":"https:\/\/blog.ube.fr\/doctorantsduledi\/wp-json\/wp\/v2\/posts\/273\/revisions\/282"}],"wp:attachment":[{"href":"https:\/\/blog.ube.fr\/doctorantsduledi\/wp-json\/wp\/v2\/media?parent=273"}],"wp:term":[{"taxonomy":"category","embeddable":true,"href":"https:\/\/blog.ube.fr\/doctorantsduledi\/wp-json\/wp\/v2\/categories?post=273"},{"taxonomy":"post_tag","embeddable":true,"href":"https:\/\/blog.ube.fr\/doctorantsduledi\/wp-json\/wp\/v2\/tags?post=273"}],"curies":[{"name":"wp","href":"https:\/\/api.w.org\/{rel}","templated":true}]}}