{"id":108,"date":"2023-04-07T13:52:45","date_gmt":"2023-04-07T11:52:45","guid":{"rendered":"https:\/\/blog.u-bourgogne.fr\/doctorantsduledi\/?p=108"},"modified":"2023-04-24T09:53:31","modified_gmt":"2023-04-24T07:53:31","slug":"linnovation-au-coeur-de-la-transition-environnementale","status":"publish","type":"post","link":"https:\/\/blog.ube.fr\/doctorantsduledi\/2023\/04\/07\/linnovation-au-coeur-de-la-transition-environnementale\/","title":{"rendered":"L\u2019innovation au c\u0153ur de la transition environnementale\u00a0?"},"content":{"rendered":"<p>Le XXI<sup>\u00e8me<\/sup> si\u00e8cle s\u2019annonce comme celui d\u2019une transition environnementale (\u00e0 la fois \u00e9cologique et \u00e9nerg\u00e9tique) sans \u00e9quivoque afin d\u2019assurer la p\u00e9rennit\u00e9 et le bien-\u00eatre des g\u00e9n\u00e9rations futures. Le financement des investissements en R&amp;D, et plus largement de l\u2019innovation des entreprises au service de cette transition bas carbone, peut toutefois se heurter \u00e0 un certain nombre de difficult\u00e9s, ce qui en fait un d\u00e9fi particuli\u00e8rement complexe \u00e0 relever.<\/p>\n<p>\u00c0 cet \u00e9gard, les chiffres montrent que la majorit\u00e9 des investissements en R&amp;D sont \u00e0 l\u2019initiative du secteur priv\u00e9, dont les d\u00e9penses (33,9 milliards d\u2019euros) \u00e9taient largement sup\u00e9rieures \u00e0 celles du secteur public (20 milliards d\u2019euros) en 2018 (INSEE, MESRI et SIES).<\/p>\n<p><img loading=\"lazy\" decoding=\"async\" class=\"wp-image-111 aligncenter\" src=\"https:\/\/blog.ube.fr\/doctorantsduledi\/wp-content\/uploads\/sites\/180\/2023\/04\/blog_pierre-1.jpg\" alt=\"\" width=\"623\" height=\"284\" srcset=\"https:\/\/blog.ube.fr\/doctorantsduledi\/wp-content\/uploads\/sites\/180\/2023\/04\/blog_pierre-1.jpg 1366w, https:\/\/blog.ube.fr\/doctorantsduledi\/wp-content\/uploads\/sites\/180\/2023\/04\/blog_pierre-1-300x137.jpg 300w, https:\/\/blog.ube.fr\/doctorantsduledi\/wp-content\/uploads\/sites\/180\/2023\/04\/blog_pierre-1-1024x466.jpg 1024w, https:\/\/blog.ube.fr\/doctorantsduledi\/wp-content\/uploads\/sites\/180\/2023\/04\/blog_pierre-1-768x350.jpg 768w\" sizes=\"auto, (max-width: 623px) 100vw, 623px\" \/><\/p>\n<p>Les entreprises du secteur industriel semblent avoir eu la plus forte propension \u00e0 innover entre 2016 et 2018 (56% d\u2019entre elles ayant d\u00e9cid\u00e9 d\u2019innover sur cette p\u00e9riode), suivies par les entreprises du secteur des services marchands (43%) et du commerce (35%), contrastant avec le secteur de la construction o\u00f9 les innovations se font beaucoup plus rares (25%). Tous secteurs confondus, plus de quatre entreprises sur dix peuvent \u00eatre consid\u00e9r\u00e9es comme innovantes au regard de la derni\u00e8re enqu\u00eate CIS de l\u2019INSEE.<\/p>\n<p><img loading=\"lazy\" decoding=\"async\" class=\"wp-image-112 aligncenter\" src=\"https:\/\/blog.ube.fr\/doctorantsduledi\/wp-content\/uploads\/sites\/180\/2023\/04\/blog_pierre2-1.jpg\" alt=\"\" width=\"505\" height=\"287\" srcset=\"https:\/\/blog.ube.fr\/doctorantsduledi\/wp-content\/uploads\/sites\/180\/2023\/04\/blog_pierre2-1.jpg 1224w, https:\/\/blog.ube.fr\/doctorantsduledi\/wp-content\/uploads\/sites\/180\/2023\/04\/blog_pierre2-1-300x171.jpg 300w, https:\/\/blog.ube.fr\/doctorantsduledi\/wp-content\/uploads\/sites\/180\/2023\/04\/blog_pierre2-1-1024x583.jpg 1024w, https:\/\/blog.ube.fr\/doctorantsduledi\/wp-content\/uploads\/sites\/180\/2023\/04\/blog_pierre2-1-768x437.jpg 768w\" sizes=\"auto, (max-width: 505px) 100vw, 505px\" \/><\/p>\n<p>Les demandes de brevets \u00e9manant de personnes morales sont rest\u00e9es relativement constantes (autour de 14\u00a0000) entre 2011 et 2019, avant de conna\u00eetre une diminution en 2020 (pour atteindre 12\u00a0100). Ce constat <em>a priori<\/em> contre-intuitif, \u00e0 savoir une diminution des demandes de brevets malgr\u00e9 une augmentation des d\u00e9penses de R&amp;D, peut trouver diff\u00e9rentes explications\u00a0:<\/p>\n<ul>\n<li>Les entreprises les moins performantes sont sorties du march\u00e9\u00a0;<\/li>\n<li>Les entreprises de grande taille d\u00e9cident d\u2019innover afin d\u2019exporter \u00e0 l\u2019international\u00a0;<\/li>\n<li>Les anticipations pessimistes des entrepreneurs les incitent \u00e0 repousser leurs d\u00e9cisions d\u2019investissement malgr\u00e9 des taux d\u2019int\u00e9r\u00eat historiquement bas\u00a0;<\/li>\n<li>Le tissu productif fran\u00e7ais est majoritairement compos\u00e9 de TPE-PME.<\/li>\n<\/ul>\n<p>Le r\u00f4le des pouvoirs publics consiste alors en une r\u00e9orientation des arbitrages des entreprises les plus performantes (capables d\u2019investir en R&amp;D) vers des innovations favorisant la transition environnementale. Cette transition bas carbone s\u2019accompagnera certes d\u2019une destruction de capital et d\u2019emplois. Cependant, les investissements favoriseront la comp\u00e9titivit\u00e9 de nouveaux secteurs d\u2019activit\u00e9 plus durables et provoqueront, \u00e0 terme, un r\u00e9\u00e9quilibrage voire (sous r\u00e9serve d\u2019une politique parall\u00e8le de formation et de requalification des salari\u00e9s) une croissance de l\u2019emploi dans ces secteurs.<\/p>\n<p>Par ailleurs, les objectifs de transition environnementale aux niveaux national et europ\u00e9en ne pourront \u00eatre atteints que par l\u2019identification de solutions \u00e0 des \u00e9chelles locales et d\u00e9centralis\u00e9es. Les territoires ont donc un r\u00f4le important \u00e0 jouer dans la d\u00e9carbonation de la croissance et, plus largement, la lutte contre le d\u00e9r\u00e8glement climatique. Le secteur de la construction, notamment, devra \u00e0 l\u2019avenir utiliser des mati\u00e8res premi\u00e8res plus durables afin de favoriser la transition \u00e9nerg\u00e9tique des logements. Il en est de m\u00eame pour le secteur industriel en ce qui concerne la r\u00e9novation thermique des b\u00e2timents, et pour les secteurs du commerce et des transports (a\u00e9rien et maritime) quant \u00e0 la r\u00e9duction des \u00e9missions de CO<sub>2<\/sub>. Le r\u00f4le de l\u2019innovation passera \u00e9galement par l\u2019\u00e9mergence de travaux de recherche interdisciplinaires entre \u00e9conomie et \u00e9cologie, afin de minimiser les impacts d\u2019une urbanisation galopante sur les r\u00e9seaux \u00e9cologiques. \u00c0 cet \u00e9gard, le recours \u00e0 des indicateurs mesurant les impacts de l\u2019\u00e9talement urbain sur la biodiversit\u00e9, ainsi que le renforcement des dispositifs de trames vertes et bleues, semblent constituer des d\u00e9fis particuli\u00e8rement pr\u00e9gnants pour les prochaines ann\u00e9es.<\/p>\n<p>L\u2019augmentation de la taxe carbone ne peut donc pas \u00eatre consid\u00e9r\u00e9e comme un rem\u00e8de universel au service de la transition \u00e9cologique et \u00e9nerg\u00e9tique, sous peine de conflits sociaux durables. Les solutions potentielles r\u00e9sident davantage dans la prise en compte des besoins des populations, de sorte que la d\u00e9carbonation de l\u2019\u00e9conomie ne sera permise que par des efforts collectifs de la part des m\u00e9nages et des entreprises. Dans ce cadre, plus qu\u2019une contrainte, cette transition peut devenir une v\u00e9ritable opportunit\u00e9. Les th\u00e9ories de la croissance verte et de l\u2019\u00e9conomie symbiotique (port\u00e9e par Isabelle Delannoy) proposent ainsi des innovations radicales \u00e0 travers le d\u00e9veloppement d\u2019un nouveau syst\u00e8me \u00e9conomique reposant sur des modes de production qui n\u2019\u00e9puisent pas les ressources naturelles mais qui, au contraire, les r\u00e9g\u00e9n\u00e8rent. D\u00e8s lors, une approche syst\u00e9mique tenant compte de l\u2019ensemble des acteurs semble aujourd\u2019hui n\u00e9cessaire.<\/p>\n<p>&nbsp;<\/p>\n<p>&nbsp;<\/p>\n<p>Auteur : Pierre Chaudron<\/p>\n","protected":false},"excerpt":{"rendered":"<p>Le XXI\u00e8me si\u00e8cle s\u2019annonce comme celui d\u2019une transition environnementale (\u00e0 la fois \u00e9cologique et \u00e9nerg\u00e9tique) sans \u00e9quivoque afin d\u2019assurer la p\u00e9rennit\u00e9 et le bien-\u00eatre des g\u00e9n\u00e9rations futures. Le financement des investissements en R&amp;D, et plus largement de l\u2019innovation des entreprises au service de cette transition bas carbone, peut toutefois se heurter \u00e0 un certain nombre&hellip;<\/p>\n<p class=\"more-link-p\"><a class=\"btn btn-primary\" href=\"https:\/\/blog.ube.fr\/doctorantsduledi\/2023\/04\/07\/linnovation-au-coeur-de-la-transition-environnementale\/\">Voir plus &rarr;<\/a><\/p>\n","protected":false},"author":4406,"featured_media":0,"comment_status":"open","ping_status":"open","sticky":false,"template":"","format":"standard","meta":{"footnotes":""},"categories":[5],"tags":[],"class_list":["post-108","post","type-post","status-publish","format-standard","hentry","category-blog"],"_links":{"self":[{"href":"https:\/\/blog.ube.fr\/doctorantsduledi\/wp-json\/wp\/v2\/posts\/108","targetHints":{"allow":["GET"]}}],"collection":[{"href":"https:\/\/blog.ube.fr\/doctorantsduledi\/wp-json\/wp\/v2\/posts"}],"about":[{"href":"https:\/\/blog.ube.fr\/doctorantsduledi\/wp-json\/wp\/v2\/types\/post"}],"author":[{"embeddable":true,"href":"https:\/\/blog.ube.fr\/doctorantsduledi\/wp-json\/wp\/v2\/users\/4406"}],"replies":[{"embeddable":true,"href":"https:\/\/blog.ube.fr\/doctorantsduledi\/wp-json\/wp\/v2\/comments?post=108"}],"version-history":[{"count":2,"href":"https:\/\/blog.ube.fr\/doctorantsduledi\/wp-json\/wp\/v2\/posts\/108\/revisions"}],"predecessor-version":[{"id":168,"href":"https:\/\/blog.ube.fr\/doctorantsduledi\/wp-json\/wp\/v2\/posts\/108\/revisions\/168"}],"wp:attachment":[{"href":"https:\/\/blog.ube.fr\/doctorantsduledi\/wp-json\/wp\/v2\/media?parent=108"}],"wp:term":[{"taxonomy":"category","embeddable":true,"href":"https:\/\/blog.ube.fr\/doctorantsduledi\/wp-json\/wp\/v2\/categories?post=108"},{"taxonomy":"post_tag","embeddable":true,"href":"https:\/\/blog.ube.fr\/doctorantsduledi\/wp-json\/wp\/v2\/tags?post=108"}],"curies":[{"name":"wp","href":"https:\/\/api.w.org\/{rel}","templated":true}]}}