{"id":205,"date":"2023-08-23T15:41:27","date_gmt":"2023-08-23T13:41:27","guid":{"rendered":"https:\/\/blog.u-bourgogne.fr\/chorale-u\/?p=205"},"modified":"2023-08-23T15:41:27","modified_gmt":"2023-08-23T13:41:27","slug":"la-place-wilson-en-fete-le-23-septembre","status":"publish","type":"post","link":"https:\/\/blog.ube.fr\/chorale-u\/2023\/08\/23\/la-place-wilson-en-fete-le-23-septembre\/","title":{"rendered":"La place Wilson en f\u00eate le 23 septembre !"},"content":{"rendered":"<p>La chorale participera \u00e0 la journ\u00e9e festive du samedi 23 septembre organis\u00e9e de 10h30 \u00e0 19h par l&#8217;association &#8220;Faisons vivre notre place Wilson&#8221;. Nous pr\u00e9senterons quelques chants de nos programmes pr\u00e9c\u00e9dents.<\/p>\n<p><img loading=\"lazy\" decoding=\"async\" class=\"alignnone size-medium wp-image-204\" src=\"http:\/\/blog.ube.fr\/chorale-u\/wp-content\/uploads\/sites\/116\/2023\/08\/unnamed-300x167.jpg\" alt=\"\" width=\"300\" height=\"167\" srcset=\"https:\/\/blog.ube.fr\/chorale-u\/wp-content\/uploads\/sites\/116\/2023\/08\/unnamed-300x167.jpg 300w, https:\/\/blog.ube.fr\/chorale-u\/wp-content\/uploads\/sites\/116\/2023\/08\/unnamed.jpg 720w\" sizes=\"auto, (max-width: 300px) 100vw, 300px\" \/><\/p>\n","protected":false},"excerpt":{"rendered":"<p>La chorale participera \u00e0 la journ\u00e9e festive du samedi 23 septembre organis\u00e9e de 10h30 \u00e0 19h par l&#8217;association &#8220;Faisons vivre notre place Wilson&#8221;. Nous pr\u00e9senterons quelques chants de nos programmes pr\u00e9c\u00e9dents.<\/p>\n<p class=\"more-link-p\"><a class=\"btn btn-primary\" href=\"https:\/\/blog.ube.fr\/chorale-u\/2023\/08\/23\/la-place-wilson-en-fete-le-23-septembre\/\">Voir plus &rarr;<\/a><\/p>\n","protected":false},"author":379,"featured_media":0,"comment_status":"open","ping_status":"open","sticky":false,"template":"","format":"standard","meta":{"footnotes":""},"categories":[1],"tags":[],"class_list":["post-205","post","type-post","status-publish","format-standard","hentry","category-non-classe"],"_links":{"self":[{"href":"https:\/\/blog.ube.fr\/chorale-u\/wp-json\/wp\/v2\/posts\/205","targetHints":{"allow":["GET"]}}],"collection":[{"href":"https:\/\/blog.ube.fr\/chorale-u\/wp-json\/wp\/v2\/posts"}],"about":[{"href":"https:\/\/blog.ube.fr\/chorale-u\/wp-json\/wp\/v2\/types\/post"}],"author":[{"embeddable":true,"href":"https:\/\/blog.ube.fr\/chorale-u\/wp-json\/wp\/v2\/users\/379"}],"replies":[{"embeddable":true,"href":"https:\/\/blog.ube.fr\/chorale-u\/wp-json\/wp\/v2\/comments?post=205"}],"version-history":[{"count":1,"href":"https:\/\/blog.ube.fr\/chorale-u\/wp-json\/wp\/v2\/posts\/205\/revisions"}],"predecessor-version":[{"id":206,"href":"https:\/\/blog.ube.fr\/chorale-u\/wp-json\/wp\/v2\/posts\/205\/revisions\/206"}],"wp:attachment":[{"href":"https:\/\/blog.ube.fr\/chorale-u\/wp-json\/wp\/v2\/media?parent=205"}],"wp:term":[{"taxonomy":"category","embeddable":true,"href":"https:\/\/blog.ube.fr\/chorale-u\/wp-json\/wp\/v2\/categories?post=205"},{"taxonomy":"post_tag","embeddable":true,"href":"https:\/\/blog.ube.fr\/chorale-u\/wp-json\/wp\/v2\/tags?post=205"}],"curies":[{"name":"wp","href":"https:\/\/api.w.org\/{rel}","templated":true}]}}