{"id":197,"date":"2023-06-16T13:55:07","date_gmt":"2023-06-16T11:55:07","guid":{"rendered":"https:\/\/blog.u-bourgogne.fr\/chorale-u\/?p=197"},"modified":"2023-06-16T13:55:07","modified_gmt":"2023-06-16T11:55:07","slug":"concert-le-desaccord-en-musique-a-latheneum-le-lundi-26-juin-2023-a-20h","status":"publish","type":"post","link":"https:\/\/blog.ube.fr\/chorale-u\/2023\/06\/16\/concert-le-desaccord-en-musique-a-latheneum-le-lundi-26-juin-2023-a-20h\/","title":{"rendered":"Concert &#8220;Le d\u00e9saccord en musique&#8221; \u00e0 l&#8217;atheneum le lundi 26 juin 2023 \u00e0 20h"},"content":{"rendered":"<p>Cette ann\u00e9e, nous \u00e9voquons le d\u00e9saccord en musique en abordant les th\u00e8mes suivants : dictature, esclavage, antif\u00e9minisme, racisme, pauvret\u00e9, mais aussi querelles de voisinage et d\u00e9saccords familiaux. Le tout au travers d&#8217;un m\u00e9lange \u00e9clectique de styles musicaux allant du moyen \u00e2ge au 20\u00b0 si\u00e8cle, en passant par des classiques (Gluck, Schumann, Verdi\u2026), la chanson (Jacques Brel, Bobby Lapointe, Boris Vian\u2026) et des chants traditionnels de diff\u00e9rents pays.\u00a0Estelle Dattin nous accompagnera au piano et Ren\u00e9 Petit pour ponctuer le concert de textes judicieusement choisis !<\/p>\n<p><img loading=\"lazy\" decoding=\"async\" class=\"alignnone size-medium wp-image-198\" src=\"http:\/\/blog.ube.fr\/chorale-u\/wp-content\/uploads\/sites\/116\/2023\/06\/image1-212x300.jpg\" alt=\"\" width=\"212\" height=\"300\" srcset=\"https:\/\/blog.ube.fr\/chorale-u\/wp-content\/uploads\/sites\/116\/2023\/06\/image1-212x300.jpg 212w, https:\/\/blog.ube.fr\/chorale-u\/wp-content\/uploads\/sites\/116\/2023\/06\/image1-724x1024.jpg 724w, https:\/\/blog.ube.fr\/chorale-u\/wp-content\/uploads\/sites\/116\/2023\/06\/image1-768x1086.jpg 768w, https:\/\/blog.ube.fr\/chorale-u\/wp-content\/uploads\/sites\/116\/2023\/06\/image1-1086x1536.jpg 1086w, https:\/\/blog.ube.fr\/chorale-u\/wp-content\/uploads\/sites\/116\/2023\/06\/image1.jpg 1240w\" sizes=\"auto, (max-width: 212px) 100vw, 212px\" \/><\/p>\n","protected":false},"excerpt":{"rendered":"<p>Cette ann\u00e9e, nous \u00e9voquons le d\u00e9saccord en musique en abordant les th\u00e8mes suivants : dictature, esclavage, antif\u00e9minisme, racisme, pauvret\u00e9, mais aussi querelles de voisinage et d\u00e9saccords familiaux. Le tout au travers d&#8217;un m\u00e9lange \u00e9clectique de styles musicaux allant du moyen \u00e2ge au 20\u00b0 si\u00e8cle, en passant par des classiques (Gluck, Schumann, Verdi\u2026), la chanson (Jacques&hellip;<\/p>\n<p class=\"more-link-p\"><a class=\"btn btn-primary\" href=\"https:\/\/blog.ube.fr\/chorale-u\/2023\/06\/16\/concert-le-desaccord-en-musique-a-latheneum-le-lundi-26-juin-2023-a-20h\/\">Voir plus &rarr;<\/a><\/p>\n","protected":false},"author":379,"featured_media":0,"comment_status":"open","ping_status":"open","sticky":false,"template":"","format":"standard","meta":{"footnotes":""},"categories":[5,3],"tags":[],"class_list":["post-197","post","type-post","status-publish","format-standard","hentry","category-actualites","category-concerts"],"_links":{"self":[{"href":"https:\/\/blog.ube.fr\/chorale-u\/wp-json\/wp\/v2\/posts\/197","targetHints":{"allow":["GET"]}}],"collection":[{"href":"https:\/\/blog.ube.fr\/chorale-u\/wp-json\/wp\/v2\/posts"}],"about":[{"href":"https:\/\/blog.ube.fr\/chorale-u\/wp-json\/wp\/v2\/types\/post"}],"author":[{"embeddable":true,"href":"https:\/\/blog.ube.fr\/chorale-u\/wp-json\/wp\/v2\/users\/379"}],"replies":[{"embeddable":true,"href":"https:\/\/blog.ube.fr\/chorale-u\/wp-json\/wp\/v2\/comments?post=197"}],"version-history":[{"count":1,"href":"https:\/\/blog.ube.fr\/chorale-u\/wp-json\/wp\/v2\/posts\/197\/revisions"}],"predecessor-version":[{"id":199,"href":"https:\/\/blog.ube.fr\/chorale-u\/wp-json\/wp\/v2\/posts\/197\/revisions\/199"}],"wp:attachment":[{"href":"https:\/\/blog.ube.fr\/chorale-u\/wp-json\/wp\/v2\/media?parent=197"}],"wp:term":[{"taxonomy":"category","embeddable":true,"href":"https:\/\/blog.ube.fr\/chorale-u\/wp-json\/wp\/v2\/categories?post=197"},{"taxonomy":"post_tag","embeddable":true,"href":"https:\/\/blog.ube.fr\/chorale-u\/wp-json\/wp\/v2\/tags?post=197"}],"curies":[{"name":"wp","href":"https:\/\/api.w.org\/{rel}","templated":true}]}}