{"id":171,"date":"2019-05-21T15:55:23","date_gmt":"2019-05-21T13:55:23","guid":{"rendered":"http:\/\/blog.u-bourgogne.fr\/chorale-u\/?p=171"},"modified":"2019-05-21T15:58:59","modified_gmt":"2019-05-21T13:58:59","slug":"printemps-de-leurope","status":"publish","type":"post","link":"https:\/\/blog.ube.fr\/chorale-u\/2019\/05\/21\/printemps-de-leurope\/","title":{"rendered":"Printemps de l&#8217;Europe"},"content":{"rendered":"<p>Depuis 3 ans d\u00e9j\u00e0 la Chorale U se produit fin mai \u00e0 l&#8217;H\u00f4tel de Vog\u00fc\u00e9 dans le cadre du Printemps de l&#8217;Europe.<\/p>\n<p>Un grand merci \u00e0 la Ville de Dijon pour son soutien financier lors de cet \u00e9v\u00e9nement. Et un merci tr\u00e8s sp\u00e9cial \u00e0 Michelle Bouin pour son travail acharn\u00e9 !!!<\/p>\n<p><img loading=\"lazy\" decoding=\"async\" class=\"alignnone size-medium wp-image-172\" src=\"http:\/\/blog.ube.fr\/chorale-u\/wp-content\/uploads\/sites\/116\/2019\/05\/garde_prog_printemps-212x300.jpg\" alt=\"\" width=\"212\" height=\"300\" srcset=\"https:\/\/blog.ube.fr\/chorale-u\/wp-content\/uploads\/sites\/116\/2019\/05\/garde_prog_printemps-212x300.jpg 212w, https:\/\/blog.ube.fr\/chorale-u\/wp-content\/uploads\/sites\/116\/2019\/05\/garde_prog_printemps.jpg 673w\" sizes=\"auto, (max-width: 212px) 100vw, 212px\" \/> <img loading=\"lazy\" decoding=\"async\" class=\"alignnone size-medium wp-image-173\" src=\"http:\/\/blog.ube.fr\/chorale-u\/wp-content\/uploads\/sites\/116\/2019\/05\/page_prog_printemps-212x300.jpg\" alt=\"\" width=\"212\" height=\"300\" srcset=\"https:\/\/blog.ube.fr\/chorale-u\/wp-content\/uploads\/sites\/116\/2019\/05\/page_prog_printemps-212x300.jpg 212w, https:\/\/blog.ube.fr\/chorale-u\/wp-content\/uploads\/sites\/116\/2019\/05\/page_prog_printemps.jpg 672w\" sizes=\"auto, (max-width: 212px) 100vw, 212px\" \/><img loading=\"lazy\" decoding=\"async\" class=\"alignnone size-medium wp-image-175\" style=\"font-family: 'Times New Roman';font-size: 16px;font-style: normal;font-weight: 400\" src=\"http:\/\/blog.ube.fr\/chorale-u\/wp-content\/uploads\/sites\/116\/2019\/05\/Affiche-Vogue-2019-212x300.jpg\" alt=\"\" width=\"212\" height=\"300\" srcset=\"https:\/\/blog.ube.fr\/chorale-u\/wp-content\/uploads\/sites\/116\/2019\/05\/Affiche-Vogue-2019-212x300.jpg 212w, https:\/\/blog.ube.fr\/chorale-u\/wp-content\/uploads\/sites\/116\/2019\/05\/Affiche-Vogue-2019.jpg 675w\" sizes=\"auto, (max-width: 212px) 100vw, 212px\" \/><\/p>\n","protected":false},"excerpt":{"rendered":"<p>Depuis 3 ans d\u00e9j\u00e0 la Chorale U se produit fin mai \u00e0 l&#8217;H\u00f4tel de Vog\u00fc\u00e9 dans le cadre du Printemps de l&#8217;Europe. Un grand merci \u00e0 la Ville de Dijon pour son soutien financier lors de cet \u00e9v\u00e9nement. Et un merci tr\u00e8s sp\u00e9cial \u00e0 Michelle Bouin pour son travail acharn\u00e9 !!!<\/p>\n<p class=\"more-link-p\"><a class=\"btn btn-primary\" href=\"https:\/\/blog.ube.fr\/chorale-u\/2019\/05\/21\/printemps-de-leurope\/\">Voir plus &rarr;<\/a><\/p>\n","protected":false},"author":414,"featured_media":0,"comment_status":"open","ping_status":"open","sticky":false,"template":"","format":"standard","meta":{"footnotes":""},"categories":[1],"tags":[],"class_list":["post-171","post","type-post","status-publish","format-standard","hentry","category-non-classe"],"_links":{"self":[{"href":"https:\/\/blog.ube.fr\/chorale-u\/wp-json\/wp\/v2\/posts\/171","targetHints":{"allow":["GET"]}}],"collection":[{"href":"https:\/\/blog.ube.fr\/chorale-u\/wp-json\/wp\/v2\/posts"}],"about":[{"href":"https:\/\/blog.ube.fr\/chorale-u\/wp-json\/wp\/v2\/types\/post"}],"author":[{"embeddable":true,"href":"https:\/\/blog.ube.fr\/chorale-u\/wp-json\/wp\/v2\/users\/414"}],"replies":[{"embeddable":true,"href":"https:\/\/blog.ube.fr\/chorale-u\/wp-json\/wp\/v2\/comments?post=171"}],"version-history":[{"count":2,"href":"https:\/\/blog.ube.fr\/chorale-u\/wp-json\/wp\/v2\/posts\/171\/revisions"}],"predecessor-version":[{"id":176,"href":"https:\/\/blog.ube.fr\/chorale-u\/wp-json\/wp\/v2\/posts\/171\/revisions\/176"}],"wp:attachment":[{"href":"https:\/\/blog.ube.fr\/chorale-u\/wp-json\/wp\/v2\/media?parent=171"}],"wp:term":[{"taxonomy":"category","embeddable":true,"href":"https:\/\/blog.ube.fr\/chorale-u\/wp-json\/wp\/v2\/categories?post=171"},{"taxonomy":"post_tag","embeddable":true,"href":"https:\/\/blog.ube.fr\/chorale-u\/wp-json\/wp\/v2\/tags?post=171"}],"curies":[{"name":"wp","href":"https:\/\/api.w.org\/{rel}","templated":true}]}}