{"id":160,"date":"2018-12-21T14:26:45","date_gmt":"2018-12-21T13:26:45","guid":{"rendered":"http:\/\/blog.u-bourgogne.fr\/chorale-u\/?p=160"},"modified":"2018-12-21T14:28:01","modified_gmt":"2018-12-21T13:28:01","slug":"retour-sur-la-nuit-des-etudiants-dans-les-musees-de-dijon","status":"publish","type":"post","link":"https:\/\/blog.ube.fr\/chorale-u\/2018\/12\/21\/retour-sur-la-nuit-des-etudiants-dans-les-musees-de-dijon\/","title":{"rendered":"Retour sur la Nuit des \u00e9tudiants dans les Mus\u00e9es de Dijon !"},"content":{"rendered":"<h3><strong>Un \u00e9v\u00e9nement cr\u00e9\u00e9 PAR et POUR les \u00c9TUDIANTS<\/strong>.<\/h3>\n<p>Les mus\u00e9es de Dijon ont ouvert leurs portes le jeudi 29 novembre de 20h \u00e0 minuit lors de cette nocturne sp\u00e9ciale \u00e9tudiants.<\/p>\n<p>\u00c0 l\u2019occasion de la 7\u00e8me \u00e9dition de la Nuit des \u00c9tudiants, les mus\u00e9es de Dijon nous on invit\u00e9 \u00e0 une d\u00e9couverte passionn\u00e9e et passionnante organis\u00e9e par et pour les \u00e9tudiants. Ils nous ont embarqu\u00e9 dans une aventure qui nous a conduit de mus\u00e9e en mus\u00e9e, du mus\u00e9e arch\u00e9ologique au mus\u00e9e d\u2019Art sacr\u00e9 en passant par le mus\u00e9e des Beaux-Arts, le mus\u00e9e Rude et le mus\u00e9e de la Vie bourguignonne.<\/p>\n<p>La Chorale U a chant\u00e9 quelques extraits de son nouveau programme &#8220;Contes de la Nuit&#8221; dans la magnifique salle des tombeaux !<\/p>\n<p><img loading=\"lazy\" decoding=\"async\" class=\"alignnone size-medium wp-image-161\" src=\"http:\/\/blog.ube.fr\/chorale-u\/wp-content\/uploads\/sites\/116\/2018\/12\/47086407_1927405130647713_6452496090821296128_n-300x198.jpg\" alt=\"\" width=\"300\" height=\"198\" srcset=\"https:\/\/blog.ube.fr\/chorale-u\/wp-content\/uploads\/sites\/116\/2018\/12\/47086407_1927405130647713_6452496090821296128_n-300x198.jpg 300w, https:\/\/blog.ube.fr\/chorale-u\/wp-content\/uploads\/sites\/116\/2018\/12\/47086407_1927405130647713_6452496090821296128_n-768x507.jpg 768w, https:\/\/blog.ube.fr\/chorale-u\/wp-content\/uploads\/sites\/116\/2018\/12\/47086407_1927405130647713_6452496090821296128_n.jpg 940w\" sizes=\"auto, (max-width: 300px) 100vw, 300px\" \/> <img loading=\"lazy\" decoding=\"async\" class=\"alignnone size-medium wp-image-162\" src=\"http:\/\/blog.ube.fr\/chorale-u\/wp-content\/uploads\/sites\/116\/2018\/12\/47380655_1927405357314357_2169648900472832000_n-300x198.jpg\" alt=\"\" width=\"300\" height=\"198\" srcset=\"https:\/\/blog.ube.fr\/chorale-u\/wp-content\/uploads\/sites\/116\/2018\/12\/47380655_1927405357314357_2169648900472832000_n-300x198.jpg 300w, https:\/\/blog.ube.fr\/chorale-u\/wp-content\/uploads\/sites\/116\/2018\/12\/47380655_1927405357314357_2169648900472832000_n-768x507.jpg 768w, https:\/\/blog.ube.fr\/chorale-u\/wp-content\/uploads\/sites\/116\/2018\/12\/47380655_1927405357314357_2169648900472832000_n.jpg 940w\" sizes=\"auto, (max-width: 300px) 100vw, 300px\" \/><\/p>\n","protected":false},"excerpt":{"rendered":"<p>Un \u00e9v\u00e9nement cr\u00e9\u00e9 PAR et POUR les \u00c9TUDIANTS. Les mus\u00e9es de Dijon ont ouvert leurs portes le jeudi 29 novembre de 20h \u00e0 minuit lors de cette nocturne sp\u00e9ciale \u00e9tudiants. \u00c0 l\u2019occasion de la 7\u00e8me \u00e9dition de la Nuit des \u00c9tudiants, les mus\u00e9es de Dijon nous on invit\u00e9 \u00e0 une d\u00e9couverte passionn\u00e9e et passionnante organis\u00e9e&hellip;<\/p>\n<p class=\"more-link-p\"><a class=\"btn btn-primary\" href=\"https:\/\/blog.ube.fr\/chorale-u\/2018\/12\/21\/retour-sur-la-nuit-des-etudiants-dans-les-musees-de-dijon\/\">Voir plus &rarr;<\/a><\/p>\n","protected":false},"author":414,"featured_media":0,"comment_status":"open","ping_status":"open","sticky":false,"template":"","format":"standard","meta":{"footnotes":""},"categories":[1],"tags":[],"class_list":["post-160","post","type-post","status-publish","format-standard","hentry","category-non-classe"],"_links":{"self":[{"href":"https:\/\/blog.ube.fr\/chorale-u\/wp-json\/wp\/v2\/posts\/160","targetHints":{"allow":["GET"]}}],"collection":[{"href":"https:\/\/blog.ube.fr\/chorale-u\/wp-json\/wp\/v2\/posts"}],"about":[{"href":"https:\/\/blog.ube.fr\/chorale-u\/wp-json\/wp\/v2\/types\/post"}],"author":[{"embeddable":true,"href":"https:\/\/blog.ube.fr\/chorale-u\/wp-json\/wp\/v2\/users\/414"}],"replies":[{"embeddable":true,"href":"https:\/\/blog.ube.fr\/chorale-u\/wp-json\/wp\/v2\/comments?post=160"}],"version-history":[{"count":2,"href":"https:\/\/blog.ube.fr\/chorale-u\/wp-json\/wp\/v2\/posts\/160\/revisions"}],"predecessor-version":[{"id":164,"href":"https:\/\/blog.ube.fr\/chorale-u\/wp-json\/wp\/v2\/posts\/160\/revisions\/164"}],"wp:attachment":[{"href":"https:\/\/blog.ube.fr\/chorale-u\/wp-json\/wp\/v2\/media?parent=160"}],"wp:term":[{"taxonomy":"category","embeddable":true,"href":"https:\/\/blog.ube.fr\/chorale-u\/wp-json\/wp\/v2\/categories?post=160"},{"taxonomy":"post_tag","embeddable":true,"href":"https:\/\/blog.ube.fr\/chorale-u\/wp-json\/wp\/v2\/tags?post=160"}],"curies":[{"name":"wp","href":"https:\/\/api.w.org\/{rel}","templated":true}]}}