{"id":141,"date":"2018-08-24T15:27:31","date_gmt":"2018-08-24T13:27:31","guid":{"rendered":"http:\/\/blog.u-bourgogne.fr\/chorale-u\/?p=141"},"modified":"2018-08-24T15:33:34","modified_gmt":"2018-08-24T13:33:34","slug":"affiches-d","status":"publish","type":"post","link":"https:\/\/blog.ube.fr\/chorale-u\/2018\/08\/24\/affiches-d\/","title":{"rendered":"Affiches de rentr\u00e9e !"},"content":{"rendered":"<h3>Ouvrez grand les yeux, la campagne d&#8217;affichage de la Chorale U va bient\u00f4t d\u00e9marrer&#8230;<\/h3>\n<p>Pour commencer, nouveaut\u00e9 cette ann\u00e9e : notre affiche sera disponible en deux couleurs !<br \/>\nRouge cr\u00e9puscule ou Bleu nuit&#8230; Laquelle pr\u00e9f\u00e9rez-vous ?<\/p>\n<p><img loading=\"lazy\" decoding=\"async\" class=\"alignnone size-medium wp-image-143\" src=\"http:\/\/blog.ube.fr\/chorale-u\/wp-content\/uploads\/sites\/116\/2018\/08\/Affiche-rentr\u00e9e-rouge2-225x300.jpg\" alt=\"\" width=\"225\" height=\"300\" srcset=\"https:\/\/blog.ube.fr\/chorale-u\/wp-content\/uploads\/sites\/116\/2018\/08\/Affiche-rentr\u00e9e-rouge2-225x300.jpg 225w, https:\/\/blog.ube.fr\/chorale-u\/wp-content\/uploads\/sites\/116\/2018\/08\/Affiche-rentr\u00e9e-rouge2.jpg 720w\" sizes=\"auto, (max-width: 225px) 100vw, 225px\" \/>\u00a0 \u00a0<img loading=\"lazy\" decoding=\"async\" class=\"alignnone size-medium wp-image-142\" style=\"font-family: 'Times New Roman';font-size: 16px;font-style: normal;font-weight: 400\" src=\"http:\/\/blog.ube.fr\/chorale-u\/wp-content\/uploads\/sites\/116\/2018\/08\/Affiche-rentr\u00e9e-bleue2-225x300.jpg\" alt=\"\" width=\"225\" height=\"300\" srcset=\"https:\/\/blog.ube.fr\/chorale-u\/wp-content\/uploads\/sites\/116\/2018\/08\/Affiche-rentr\u00e9e-bleue2-225x300.jpg 225w, https:\/\/blog.ube.fr\/chorale-u\/wp-content\/uploads\/sites\/116\/2018\/08\/Affiche-rentr\u00e9e-bleue2.jpg 720w\" sizes=\"auto, (max-width: 225px) 100vw, 225px\" \/><\/p>\n<p>Afin de poursuivre la d\u00e9couverte de\u00a0notre nouveau programme, n&#8217;h\u00e9sitez pas \u00e0 nous rejoindre d\u00e8s le 17 septembre !<br \/>\nEn conclusion, que vous soyez oiseaux de nuit ou loups solitaires, venez nous rencontrer et d\u00e9couvrir le plaisir de chanter en ch\u0153ur&#8230;<\/p>\n","protected":false},"excerpt":{"rendered":"<p>Ouvrez grand les yeux, la campagne d&#8217;affichage de la Chorale U va bient\u00f4t d\u00e9marrer&#8230; Pour commencer, nouveaut\u00e9 cette ann\u00e9e : notre affiche sera disponible en deux couleurs ! Rouge cr\u00e9puscule ou Bleu nuit&#8230; Laquelle pr\u00e9f\u00e9rez-vous ? \u00a0 \u00a0 Afin de poursuivre la d\u00e9couverte de\u00a0notre nouveau programme, n&#8217;h\u00e9sitez pas \u00e0 nous rejoindre d\u00e8s le 17 septembre&hellip;<\/p>\n<p class=\"more-link-p\"><a class=\"btn btn-primary\" href=\"https:\/\/blog.ube.fr\/chorale-u\/2018\/08\/24\/affiches-d\/\">Voir plus &rarr;<\/a><\/p>\n","protected":false},"author":379,"featured_media":0,"comment_status":"open","ping_status":"open","sticky":false,"template":"","format":"standard","meta":{"footnotes":""},"categories":[5],"tags":[],"class_list":["post-141","post","type-post","status-publish","format-standard","hentry","category-actualites"],"_links":{"self":[{"href":"https:\/\/blog.ube.fr\/chorale-u\/wp-json\/wp\/v2\/posts\/141","targetHints":{"allow":["GET"]}}],"collection":[{"href":"https:\/\/blog.ube.fr\/chorale-u\/wp-json\/wp\/v2\/posts"}],"about":[{"href":"https:\/\/blog.ube.fr\/chorale-u\/wp-json\/wp\/v2\/types\/post"}],"author":[{"embeddable":true,"href":"https:\/\/blog.ube.fr\/chorale-u\/wp-json\/wp\/v2\/users\/379"}],"replies":[{"embeddable":true,"href":"https:\/\/blog.ube.fr\/chorale-u\/wp-json\/wp\/v2\/comments?post=141"}],"version-history":[{"count":8,"href":"https:\/\/blog.ube.fr\/chorale-u\/wp-json\/wp\/v2\/posts\/141\/revisions"}],"predecessor-version":[{"id":151,"href":"https:\/\/blog.ube.fr\/chorale-u\/wp-json\/wp\/v2\/posts\/141\/revisions\/151"}],"wp:attachment":[{"href":"https:\/\/blog.ube.fr\/chorale-u\/wp-json\/wp\/v2\/media?parent=141"}],"wp:term":[{"taxonomy":"category","embeddable":true,"href":"https:\/\/blog.ube.fr\/chorale-u\/wp-json\/wp\/v2\/categories?post=141"},{"taxonomy":"post_tag","embeddable":true,"href":"https:\/\/blog.ube.fr\/chorale-u\/wp-json\/wp\/v2\/tags?post=141"}],"curies":[{"name":"wp","href":"https:\/\/api.w.org\/{rel}","templated":true}]}}